{"id":2114,"date":"2024-09-05T18:14:37","date_gmt":"2024-09-05T16:14:37","guid":{"rendered":"http:\/\/www.swjanzakrzow.archidiecezja.wroc.pl\/?p=2114"},"modified":"2024-09-05T18:14:37","modified_gmt":"2024-09-05T16:14:37","slug":"pierwszy-czwartek-miesiaca","status":"publish","type":"post","link":"http:\/\/www.swjanzakrzow.archidiecezja.wroc.pl\/?p=2114","title":{"rendered":"Pierwszy Czwartek miesi\u0105ca"},"content":{"rendered":"\n<p>5 wrze\u015bnia przypada pierwszy czwartek miesi\u0105ca. W Ko\u015bciele powszechnym modlimy si\u0119 o wierne i \u015bwi\u0119te powo\u0142ania do \u017cycia kap\u0142a\u0144skiego, zakonnego i misyjnego. Co miesi\u0105c w katedrze wroc\u0142awskiej pw. \u015bw. Jana Chrzciciela sprawowana jest w tej intencji Msza \u015bwi\u0119ta. Tym razem do wsp\u00f3lnej modlitwy zostali zaproszenie duszpasterze naszej parafii wraz z Liturgiczn\u0105 S\u0142u\u017cb\u0105 O\u0142tarza, kt\u00f3ra zajmie si\u0119 opraw\u0105 liturgiczn\u0105 Eucharystii pod przewodnictwem bp. Jacka Kici\u0144skiego CMF. W koncelebrze b\u0119d\u0105: ks. proboszcz oraz ks. Pawe\u0142. Poni\u017cej link do transmisji: <\/p>\n\n\n\n<figure class=\"wp-block-embed is-type-video is-provider-youtube wp-block-embed-youtube wp-embed-aspect-4-3 wp-has-aspect-ratio\"><div class=\"wp-block-embed__wrapper\">\n<iframe loading=\"lazy\" title=\"Czwartek - XXII Tydzie\u0144 zwyk\u0142y - Archikatedra Wroc\u0142awska- 05.09.2024r.\" width=\"676\" height=\"507\" src=\"https:\/\/www.youtube.com\/embed\/h3s5_94KmhQ?feature=oembed\" frameborder=\"0\" allow=\"accelerometer; autoplay; clipboard-write; encrypted-media; gyroscope; picture-in-picture; web-share\" referrerpolicy=\"strict-origin-when-cross-origin\" allowfullscreen><\/iframe>\n<\/div><\/figure>\n","protected":false},"excerpt":{"rendered":"<p>5 wrze\u015bnia przypada pierwszy czwartek miesi\u0105ca. W Ko\u015bciele powszechnym modlimy si\u0119 o wierne i \u015bwi\u0119te powo\u0142ania do \u017cycia kap\u0142a\u0144skiego, zakonnego i misyjnego. Co miesi\u0105c w katedrze wroc\u0142awskiej pw. \u015bw. Jana Chrzciciela sprawowana jest w tej intencji Msza \u015bwi\u0119ta. Tym razem do wsp\u00f3lnej modlitwy zostali zaproszenie duszpasterze naszej parafii wraz z Liturgiczn\u0105 S\u0142u\u017cb\u0105 O\u0142tarza, kt\u00f3ra zajmie [&hellip;]<\/p>\n","protected":false},"author":2,"featured_media":0,"comment_status":"closed","ping_status":"open","sticky":false,"template":"","format":"standard","meta":[],"categories":[1],"tags":[],"_links":{"self":[{"href":"http:\/\/www.swjanzakrzow.archidiecezja.wroc.pl\/index.php?rest_route=\/wp\/v2\/posts\/2114"}],"collection":[{"href":"http:\/\/www.swjanzakrzow.archidiecezja.wroc.pl\/index.php?rest_route=\/wp\/v2\/posts"}],"about":[{"href":"http:\/\/www.swjanzakrzow.archidiecezja.wroc.pl\/index.php?rest_route=\/wp\/v2\/types\/post"}],"author":[{"embeddable":true,"href":"http:\/\/www.swjanzakrzow.archidiecezja.wroc.pl\/index.php?rest_route=\/wp\/v2\/users\/2"}],"replies":[{"embeddable":true,"href":"http:\/\/www.swjanzakrzow.archidiecezja.wroc.pl\/index.php?rest_route=%2Fwp%2Fv2%2Fcomments&post=2114"}],"version-history":[{"count":1,"href":"http:\/\/www.swjanzakrzow.archidiecezja.wroc.pl\/index.php?rest_route=\/wp\/v2\/posts\/2114\/revisions"}],"predecessor-version":[{"id":2115,"href":"http:\/\/www.swjanzakrzow.archidiecezja.wroc.pl\/index.php?rest_route=\/wp\/v2\/posts\/2114\/revisions\/2115"}],"wp:attachment":[{"href":"http:\/\/www.swjanzakrzow.archidiecezja.wroc.pl\/index.php?rest_route=%2Fwp%2Fv2%2Fmedia&parent=2114"}],"wp:term":[{"taxonomy":"category","embeddable":true,"href":"http:\/\/www.swjanzakrzow.archidiecezja.wroc.pl\/index.php?rest_route=%2Fwp%2Fv2%2Fcategories&post=2114"},{"taxonomy":"post_tag","embeddable":true,"href":"http:\/\/www.swjanzakrzow.archidiecezja.wroc.pl\/index.php?rest_route=%2Fwp%2Fv2%2Ftags&post=2114"}],"curies":[{"name":"wp","href":"https:\/\/api.w.org\/{rel}","templated":true}]}}