{"id":2127,"date":"2024-09-09T09:46:33","date_gmt":"2024-09-09T07:46:33","guid":{"rendered":"http:\/\/www.swjanzakrzow.archidiecezja.wroc.pl\/?p=2127"},"modified":"2024-09-09T09:46:33","modified_gmt":"2024-09-09T07:46:33","slug":"symbole-4-ewangelistow-na-lawach-ministranckich","status":"publish","type":"post","link":"http:\/\/www.swjanzakrzow.archidiecezja.wroc.pl\/?p=2127","title":{"rendered":"Symbole 4 Ewangelist\u00f3w na \u0142awach ministranckich"},"content":{"rendered":"\n<p>W ubieg\u0142ym tygodniu w prezbiterium zosta\u0142y zamontowane drewniane &#8211; poz\u0142acane symbole czterech Ewangelist\u00f3w: \u015bw. Mateusza; \u015bw. Marka; \u015bw. \u0141ukasza, \u015bw. Jana. Zosta\u0142y one przymocowane do \u0142aw, gdzie zazwyczaj siada LSO podczas Mszy \u015bw. <\/p>\n\n\n\n<figure class=\"wp-block-image size-large\"><img decoding=\"async\" loading=\"lazy\" width=\"1024\" height=\"819\" src=\"http:\/\/www.swjanzakrzow.archidiecezja.wroc.pl\/wp-content\/uploads\/2024\/09\/Blank-6-Panel-Comic-Strip-1024x819.jpg\" alt=\"\" class=\"wp-image-2128\" srcset=\"http:\/\/www.swjanzakrzow.archidiecezja.wroc.pl\/wp-content\/uploads\/2024\/09\/Blank-6-Panel-Comic-Strip-1024x819.jpg 1024w, http:\/\/www.swjanzakrzow.archidiecezja.wroc.pl\/wp-content\/uploads\/2024\/09\/Blank-6-Panel-Comic-Strip-300x240.jpg 300w, http:\/\/www.swjanzakrzow.archidiecezja.wroc.pl\/wp-content\/uploads\/2024\/09\/Blank-6-Panel-Comic-Strip-768x614.jpg 768w, http:\/\/www.swjanzakrzow.archidiecezja.wroc.pl\/wp-content\/uploads\/2024\/09\/Blank-6-Panel-Comic-Strip-1536x1229.jpg 1536w, http:\/\/www.swjanzakrzow.archidiecezja.wroc.pl\/wp-content\/uploads\/2024\/09\/Blank-6-Panel-Comic-Strip-676x541.jpg 676w, http:\/\/www.swjanzakrzow.archidiecezja.wroc.pl\/wp-content\/uploads\/2024\/09\/Blank-6-Panel-Comic-Strip.jpg 2000w\" sizes=\"(max-width: 1024px) 100vw, 1024px\" \/><\/figure>\n","protected":false},"excerpt":{"rendered":"<p>W ubieg\u0142ym tygodniu w prezbiterium zosta\u0142y zamontowane drewniane &#8211; poz\u0142acane symbole czterech Ewangelist\u00f3w: \u015bw. Mateusza; \u015bw. Marka; \u015bw. \u0141ukasza, \u015bw. Jana. Zosta\u0142y one przymocowane do \u0142aw, gdzie zazwyczaj siada LSO podczas Mszy \u015bw.<\/p>\n","protected":false},"author":2,"featured_media":0,"comment_status":"closed","ping_status":"open","sticky":false,"template":"","format":"standard","meta":[],"categories":[1],"tags":[],"_links":{"self":[{"href":"http:\/\/www.swjanzakrzow.archidiecezja.wroc.pl\/index.php?rest_route=\/wp\/v2\/posts\/2127"}],"collection":[{"href":"http:\/\/www.swjanzakrzow.archidiecezja.wroc.pl\/index.php?rest_route=\/wp\/v2\/posts"}],"about":[{"href":"http:\/\/www.swjanzakrzow.archidiecezja.wroc.pl\/index.php?rest_route=\/wp\/v2\/types\/post"}],"author":[{"embeddable":true,"href":"http:\/\/www.swjanzakrzow.archidiecezja.wroc.pl\/index.php?rest_route=\/wp\/v2\/users\/2"}],"replies":[{"embeddable":true,"href":"http:\/\/www.swjanzakrzow.archidiecezja.wroc.pl\/index.php?rest_route=%2Fwp%2Fv2%2Fcomments&post=2127"}],"version-history":[{"count":1,"href":"http:\/\/www.swjanzakrzow.archidiecezja.wroc.pl\/index.php?rest_route=\/wp\/v2\/posts\/2127\/revisions"}],"predecessor-version":[{"id":2129,"href":"http:\/\/www.swjanzakrzow.archidiecezja.wroc.pl\/index.php?rest_route=\/wp\/v2\/posts\/2127\/revisions\/2129"}],"wp:attachment":[{"href":"http:\/\/www.swjanzakrzow.archidiecezja.wroc.pl\/index.php?rest_route=%2Fwp%2Fv2%2Fmedia&parent=2127"}],"wp:term":[{"taxonomy":"category","embeddable":true,"href":"http:\/\/www.swjanzakrzow.archidiecezja.wroc.pl\/index.php?rest_route=%2Fwp%2Fv2%2Fcategories&post=2127"},{"taxonomy":"post_tag","embeddable":true,"href":"http:\/\/www.swjanzakrzow.archidiecezja.wroc.pl\/index.php?rest_route=%2Fwp%2Fv2%2Ftags&post=2127"}],"curies":[{"name":"wp","href":"https:\/\/api.w.org\/{rel}","templated":true}]}}