{"id":2135,"date":"2024-09-10T09:02:46","date_gmt":"2024-09-10T07:02:46","guid":{"rendered":"http:\/\/www.swjanzakrzow.archidiecezja.wroc.pl\/?p=2135"},"modified":"2024-09-10T09:02:46","modified_gmt":"2024-09-10T07:02:46","slug":"i-komunia-swieta-i-bierzmowanie","status":"publish","type":"post","link":"http:\/\/www.swjanzakrzow.archidiecezja.wroc.pl\/?p=2135","title":{"rendered":"I Komunia \u015awi\u0119ta i Bierzmowanie"},"content":{"rendered":"\n<p>Rozpocz\u0119li\u015bmy przygotowania do Pierwszej Komunii \u015awi\u0119tej oraz Sakramentu Bierzmowania. Zapisy trwaj\u0105 do ko\u0144ca pa\u017adziernika. Z Zakrystii [po ka\u017cdej Mszy \u015bwi\u0119tej] lub w kancelarii parafialnej mo\u017cna pobiera\u0107 specjalne formularze zapisowe, kt\u00f3re wype\u0142nione nale\u017cy przynie\u015b\u0107 do kancelarii parafialnej.<\/p>\n\n\n\n<p>Warto zrobi\u0107 to teraz, nie czekaj\u0105c na ostatni\u0105 chwil\u0119.<\/p>\n\n\n\n<figure class=\"wp-block-image size-full\"><img decoding=\"async\" loading=\"lazy\" width=\"940\" height=\"788\" src=\"http:\/\/www.swjanzakrzow.archidiecezja.wroc.pl\/wp-content\/uploads\/2024\/09\/Zdobadz-gore.jpg\" alt=\"\" class=\"wp-image-2136\" srcset=\"http:\/\/www.swjanzakrzow.archidiecezja.wroc.pl\/wp-content\/uploads\/2024\/09\/Zdobadz-gore.jpg 940w, http:\/\/www.swjanzakrzow.archidiecezja.wroc.pl\/wp-content\/uploads\/2024\/09\/Zdobadz-gore-300x251.jpg 300w, http:\/\/www.swjanzakrzow.archidiecezja.wroc.pl\/wp-content\/uploads\/2024\/09\/Zdobadz-gore-768x644.jpg 768w, http:\/\/www.swjanzakrzow.archidiecezja.wroc.pl\/wp-content\/uploads\/2024\/09\/Zdobadz-gore-676x567.jpg 676w\" sizes=\"(max-width: 940px) 100vw, 940px\" \/><\/figure>\n","protected":false},"excerpt":{"rendered":"<p>Rozpocz\u0119li\u015bmy przygotowania do Pierwszej Komunii \u015awi\u0119tej oraz Sakramentu Bierzmowania. Zapisy trwaj\u0105 do ko\u0144ca pa\u017adziernika. Z Zakrystii [po ka\u017cdej Mszy \u015bwi\u0119tej] lub w kancelarii parafialnej mo\u017cna pobiera\u0107 specjalne formularze zapisowe, kt\u00f3re wype\u0142nione nale\u017cy przynie\u015b\u0107 do kancelarii parafialnej. Warto zrobi\u0107 to teraz, nie czekaj\u0105c na ostatni\u0105 chwil\u0119.<\/p>\n","protected":false},"author":2,"featured_media":0,"comment_status":"closed","ping_status":"open","sticky":false,"template":"","format":"standard","meta":[],"categories":[1],"tags":[],"_links":{"self":[{"href":"http:\/\/www.swjanzakrzow.archidiecezja.wroc.pl\/index.php?rest_route=\/wp\/v2\/posts\/2135"}],"collection":[{"href":"http:\/\/www.swjanzakrzow.archidiecezja.wroc.pl\/index.php?rest_route=\/wp\/v2\/posts"}],"about":[{"href":"http:\/\/www.swjanzakrzow.archidiecezja.wroc.pl\/index.php?rest_route=\/wp\/v2\/types\/post"}],"author":[{"embeddable":true,"href":"http:\/\/www.swjanzakrzow.archidiecezja.wroc.pl\/index.php?rest_route=\/wp\/v2\/users\/2"}],"replies":[{"embeddable":true,"href":"http:\/\/www.swjanzakrzow.archidiecezja.wroc.pl\/index.php?rest_route=%2Fwp%2Fv2%2Fcomments&post=2135"}],"version-history":[{"count":1,"href":"http:\/\/www.swjanzakrzow.archidiecezja.wroc.pl\/index.php?rest_route=\/wp\/v2\/posts\/2135\/revisions"}],"predecessor-version":[{"id":2137,"href":"http:\/\/www.swjanzakrzow.archidiecezja.wroc.pl\/index.php?rest_route=\/wp\/v2\/posts\/2135\/revisions\/2137"}],"wp:attachment":[{"href":"http:\/\/www.swjanzakrzow.archidiecezja.wroc.pl\/index.php?rest_route=%2Fwp%2Fv2%2Fmedia&parent=2135"}],"wp:term":[{"taxonomy":"category","embeddable":true,"href":"http:\/\/www.swjanzakrzow.archidiecezja.wroc.pl\/index.php?rest_route=%2Fwp%2Fv2%2Fcategories&post=2135"},{"taxonomy":"post_tag","embeddable":true,"href":"http:\/\/www.swjanzakrzow.archidiecezja.wroc.pl\/index.php?rest_route=%2Fwp%2Fv2%2Ftags&post=2135"}],"curies":[{"name":"wp","href":"https:\/\/api.w.org\/{rel}","templated":true}]}}