{"id":2141,"date":"2024-09-12T09:30:19","date_gmt":"2024-09-12T07:30:19","guid":{"rendered":"http:\/\/www.swjanzakrzow.archidiecezja.wroc.pl\/?p=2141"},"modified":"2024-09-12T09:30:19","modified_gmt":"2024-09-12T07:30:19","slug":"czuwanie-archidiecezjalne-na-jasnej-gorze","status":"publish","type":"post","link":"http:\/\/www.swjanzakrzow.archidiecezja.wroc.pl\/?p=2141","title":{"rendered":"Czuwanie Archidiecezjalne na Jasnej G\u00f3rze"},"content":{"rendered":"\n<p>Zapraszamy do wsp\u00f3lnego wyjazdu na Pielgrzymk\u0119 Wiernych i Duchowie\u0144stwa Archidiecezji Wroc\u0142awskiej. Jako parafia chcemy w\u0142\u0105czy\u0107 si\u0119 w to czuwanie, kt\u00f3re od wielu lat skupia du\u017c\u0105 grup\u0119 wiernych naszej Archidiecezji. Koszt przejazdu 60 z\u0142, autokarem 50-osobowym. Zapisywa\u0107 si\u0119 mo\u017cemy w zakrystii po ka\u017cdej Mszy \u015bwi\u0119tej lub w kancelarii parafialnej. Zapraszamy. <\/p>\n\n\n\n<figure class=\"wp-block-image size-large\"><img decoding=\"async\" loading=\"lazy\" width=\"724\" height=\"1024\" src=\"http:\/\/www.swjanzakrzow.archidiecezja.wroc.pl\/wp-content\/uploads\/2024\/09\/459396674_908058634690536_7353646257683622038_n-724x1024.jpg\" alt=\"\" class=\"wp-image-2142\" srcset=\"http:\/\/www.swjanzakrzow.archidiecezja.wroc.pl\/wp-content\/uploads\/2024\/09\/459396674_908058634690536_7353646257683622038_n-724x1024.jpg 724w, http:\/\/www.swjanzakrzow.archidiecezja.wroc.pl\/wp-content\/uploads\/2024\/09\/459396674_908058634690536_7353646257683622038_n-212x300.jpg 212w, http:\/\/www.swjanzakrzow.archidiecezja.wroc.pl\/wp-content\/uploads\/2024\/09\/459396674_908058634690536_7353646257683622038_n-768x1086.jpg 768w, http:\/\/www.swjanzakrzow.archidiecezja.wroc.pl\/wp-content\/uploads\/2024\/09\/459396674_908058634690536_7353646257683622038_n-1086x1536.jpg 1086w, http:\/\/www.swjanzakrzow.archidiecezja.wroc.pl\/wp-content\/uploads\/2024\/09\/459396674_908058634690536_7353646257683622038_n-676x956.jpg 676w, http:\/\/www.swjanzakrzow.archidiecezja.wroc.pl\/wp-content\/uploads\/2024\/09\/459396674_908058634690536_7353646257683622038_n.jpg 1448w\" sizes=\"(max-width: 724px) 100vw, 724px\" \/><\/figure>\n","protected":false},"excerpt":{"rendered":"<p>Zapraszamy do wsp\u00f3lnego wyjazdu na Pielgrzymk\u0119 Wiernych i Duchowie\u0144stwa Archidiecezji Wroc\u0142awskiej. Jako parafia chcemy w\u0142\u0105czy\u0107 si\u0119 w to czuwanie, kt\u00f3re od wielu lat skupia du\u017c\u0105 grup\u0119 wiernych naszej Archidiecezji. Koszt przejazdu 60 z\u0142, autokarem 50-osobowym. Zapisywa\u0107 si\u0119 mo\u017cemy w zakrystii po ka\u017cdej Mszy \u015bwi\u0119tej lub w kancelarii parafialnej. Zapraszamy.<\/p>\n","protected":false},"author":2,"featured_media":0,"comment_status":"closed","ping_status":"open","sticky":false,"template":"","format":"standard","meta":[],"categories":[1],"tags":[],"_links":{"self":[{"href":"http:\/\/www.swjanzakrzow.archidiecezja.wroc.pl\/index.php?rest_route=\/wp\/v2\/posts\/2141"}],"collection":[{"href":"http:\/\/www.swjanzakrzow.archidiecezja.wroc.pl\/index.php?rest_route=\/wp\/v2\/posts"}],"about":[{"href":"http:\/\/www.swjanzakrzow.archidiecezja.wroc.pl\/index.php?rest_route=\/wp\/v2\/types\/post"}],"author":[{"embeddable":true,"href":"http:\/\/www.swjanzakrzow.archidiecezja.wroc.pl\/index.php?rest_route=\/wp\/v2\/users\/2"}],"replies":[{"embeddable":true,"href":"http:\/\/www.swjanzakrzow.archidiecezja.wroc.pl\/index.php?rest_route=%2Fwp%2Fv2%2Fcomments&post=2141"}],"version-history":[{"count":1,"href":"http:\/\/www.swjanzakrzow.archidiecezja.wroc.pl\/index.php?rest_route=\/wp\/v2\/posts\/2141\/revisions"}],"predecessor-version":[{"id":2143,"href":"http:\/\/www.swjanzakrzow.archidiecezja.wroc.pl\/index.php?rest_route=\/wp\/v2\/posts\/2141\/revisions\/2143"}],"wp:attachment":[{"href":"http:\/\/www.swjanzakrzow.archidiecezja.wroc.pl\/index.php?rest_route=%2Fwp%2Fv2%2Fmedia&parent=2141"}],"wp:term":[{"taxonomy":"category","embeddable":true,"href":"http:\/\/www.swjanzakrzow.archidiecezja.wroc.pl\/index.php?rest_route=%2Fwp%2Fv2%2Fcategories&post=2141"},{"taxonomy":"post_tag","embeddable":true,"href":"http:\/\/www.swjanzakrzow.archidiecezja.wroc.pl\/index.php?rest_route=%2Fwp%2Fv2%2Ftags&post=2141"}],"curies":[{"name":"wp","href":"https:\/\/api.w.org\/{rel}","templated":true}]}}