{"id":2144,"date":"2024-09-12T10:54:33","date_gmt":"2024-09-12T08:54:33","guid":{"rendered":"http:\/\/www.swjanzakrzow.archidiecezja.wroc.pl\/?p=2144"},"modified":"2024-09-12T10:54:33","modified_gmt":"2024-09-12T08:54:33","slug":"proba-choru-parafialnego","status":"publish","type":"post","link":"http:\/\/www.swjanzakrzow.archidiecezja.wroc.pl\/?p=2144","title":{"rendered":"Pr\u00f3ba ch\u00f3ru Parafialnego"},"content":{"rendered":"\n<p>Ka\u017cdy kto s\u0142ysza\u0142 nasz ch\u00f3r parafialny wie, \u017ce warto!<\/p>\n\n\n\n<figure class=\"wp-block-image size-large\"><img decoding=\"async\" loading=\"lazy\" width=\"1024\" height=\"732\" src=\"http:\/\/www.swjanzakrzow.archidiecezja.wroc.pl\/wp-content\/uploads\/2024\/09\/Teal-and-Pink-Rehearsal-Dinner-Invitation-1024x732.jpg\" alt=\"\" class=\"wp-image-2145\" srcset=\"http:\/\/www.swjanzakrzow.archidiecezja.wroc.pl\/wp-content\/uploads\/2024\/09\/Teal-and-Pink-Rehearsal-Dinner-Invitation-1024x732.jpg 1024w, http:\/\/www.swjanzakrzow.archidiecezja.wroc.pl\/wp-content\/uploads\/2024\/09\/Teal-and-Pink-Rehearsal-Dinner-Invitation-300x214.jpg 300w, http:\/\/www.swjanzakrzow.archidiecezja.wroc.pl\/wp-content\/uploads\/2024\/09\/Teal-and-Pink-Rehearsal-Dinner-Invitation-768x549.jpg 768w, http:\/\/www.swjanzakrzow.archidiecezja.wroc.pl\/wp-content\/uploads\/2024\/09\/Teal-and-Pink-Rehearsal-Dinner-Invitation-1536x1097.jpg 1536w, http:\/\/www.swjanzakrzow.archidiecezja.wroc.pl\/wp-content\/uploads\/2024\/09\/Teal-and-Pink-Rehearsal-Dinner-Invitation-676x483.jpg 676w, http:\/\/www.swjanzakrzow.archidiecezja.wroc.pl\/wp-content\/uploads\/2024\/09\/Teal-and-Pink-Rehearsal-Dinner-Invitation.jpg 2000w\" sizes=\"(max-width: 1024px) 100vw, 1024px\" \/><\/figure>\n","protected":false},"excerpt":{"rendered":"<p>Ka\u017cdy kto s\u0142ysza\u0142 nasz ch\u00f3r parafialny wie, \u017ce warto!<\/p>\n","protected":false},"author":2,"featured_media":0,"comment_status":"closed","ping_status":"open","sticky":false,"template":"","format":"standard","meta":[],"categories":[1],"tags":[],"_links":{"self":[{"href":"http:\/\/www.swjanzakrzow.archidiecezja.wroc.pl\/index.php?rest_route=\/wp\/v2\/posts\/2144"}],"collection":[{"href":"http:\/\/www.swjanzakrzow.archidiecezja.wroc.pl\/index.php?rest_route=\/wp\/v2\/posts"}],"about":[{"href":"http:\/\/www.swjanzakrzow.archidiecezja.wroc.pl\/index.php?rest_route=\/wp\/v2\/types\/post"}],"author":[{"embeddable":true,"href":"http:\/\/www.swjanzakrzow.archidiecezja.wroc.pl\/index.php?rest_route=\/wp\/v2\/users\/2"}],"replies":[{"embeddable":true,"href":"http:\/\/www.swjanzakrzow.archidiecezja.wroc.pl\/index.php?rest_route=%2Fwp%2Fv2%2Fcomments&post=2144"}],"version-history":[{"count":1,"href":"http:\/\/www.swjanzakrzow.archidiecezja.wroc.pl\/index.php?rest_route=\/wp\/v2\/posts\/2144\/revisions"}],"predecessor-version":[{"id":2146,"href":"http:\/\/www.swjanzakrzow.archidiecezja.wroc.pl\/index.php?rest_route=\/wp\/v2\/posts\/2144\/revisions\/2146"}],"wp:attachment":[{"href":"http:\/\/www.swjanzakrzow.archidiecezja.wroc.pl\/index.php?rest_route=%2Fwp%2Fv2%2Fmedia&parent=2144"}],"wp:term":[{"taxonomy":"category","embeddable":true,"href":"http:\/\/www.swjanzakrzow.archidiecezja.wroc.pl\/index.php?rest_route=%2Fwp%2Fv2%2Fcategories&post=2144"},{"taxonomy":"post_tag","embeddable":true,"href":"http:\/\/www.swjanzakrzow.archidiecezja.wroc.pl\/index.php?rest_route=%2Fwp%2Fv2%2Ftags&post=2144"}],"curies":[{"name":"wp","href":"https:\/\/api.w.org\/{rel}","templated":true}]}}