{"id":2164,"date":"2024-09-17T13:50:45","date_gmt":"2024-09-17T11:50:45","guid":{"rendered":"http:\/\/www.swjanzakrzow.archidiecezja.wroc.pl\/?p=2164"},"modified":"2024-09-17T13:50:45","modified_gmt":"2024-09-17T11:50:45","slug":"caritas-archidiecezji-wroclawskiej-powodzianom","status":"publish","type":"post","link":"http:\/\/www.swjanzakrzow.archidiecezja.wroc.pl\/?p=2164","title":{"rendered":"Caritas Archidiecezji Wroc\u0142awskiej powodzianom"},"content":{"rendered":"\n<p><a href=\"https:\/\/wroclaw.niedziela.pl\/artykul\/105182\/Caritas-Archidiecezji-Wroclawskiej\">Caritas Archidiecezji Wroc\u0142awskiej uruchamia zbi\u00f3rk\u0119 finansow\u0105 dla powodzian | Niedziela.pl<\/a><\/p>\n\n\n\n<figure class=\"wp-block-image size-large\"><img decoding=\"async\" loading=\"lazy\" width=\"724\" height=\"1024\" src=\"http:\/\/www.swjanzakrzow.archidiecezja.wroc.pl\/wp-content\/uploads\/2024\/09\/a3-plakat1-724x1024.png\" alt=\"\" class=\"wp-image-2165\" srcset=\"http:\/\/www.swjanzakrzow.archidiecezja.wroc.pl\/wp-content\/uploads\/2024\/09\/a3-plakat1-724x1024.png 724w, http:\/\/www.swjanzakrzow.archidiecezja.wroc.pl\/wp-content\/uploads\/2024\/09\/a3-plakat1-212x300.png 212w, http:\/\/www.swjanzakrzow.archidiecezja.wroc.pl\/wp-content\/uploads\/2024\/09\/a3-plakat1-768x1086.png 768w, http:\/\/www.swjanzakrzow.archidiecezja.wroc.pl\/wp-content\/uploads\/2024\/09\/a3-plakat1-676x956.png 676w, http:\/\/www.swjanzakrzow.archidiecezja.wroc.pl\/wp-content\/uploads\/2024\/09\/a3-plakat1.png 884w\" sizes=\"(max-width: 724px) 100vw, 724px\" \/><\/figure>\n","protected":false},"excerpt":{"rendered":"<p>Caritas Archidiecezji Wroc\u0142awskiej uruchamia zbi\u00f3rk\u0119 finansow\u0105 dla powodzian | Niedziela.pl<\/p>\n","protected":false},"author":2,"featured_media":0,"comment_status":"closed","ping_status":"open","sticky":false,"template":"","format":"standard","meta":[],"categories":[1],"tags":[],"_links":{"self":[{"href":"http:\/\/www.swjanzakrzow.archidiecezja.wroc.pl\/index.php?rest_route=\/wp\/v2\/posts\/2164"}],"collection":[{"href":"http:\/\/www.swjanzakrzow.archidiecezja.wroc.pl\/index.php?rest_route=\/wp\/v2\/posts"}],"about":[{"href":"http:\/\/www.swjanzakrzow.archidiecezja.wroc.pl\/index.php?rest_route=\/wp\/v2\/types\/post"}],"author":[{"embeddable":true,"href":"http:\/\/www.swjanzakrzow.archidiecezja.wroc.pl\/index.php?rest_route=\/wp\/v2\/users\/2"}],"replies":[{"embeddable":true,"href":"http:\/\/www.swjanzakrzow.archidiecezja.wroc.pl\/index.php?rest_route=%2Fwp%2Fv2%2Fcomments&post=2164"}],"version-history":[{"count":1,"href":"http:\/\/www.swjanzakrzow.archidiecezja.wroc.pl\/index.php?rest_route=\/wp\/v2\/posts\/2164\/revisions"}],"predecessor-version":[{"id":2166,"href":"http:\/\/www.swjanzakrzow.archidiecezja.wroc.pl\/index.php?rest_route=\/wp\/v2\/posts\/2164\/revisions\/2166"}],"wp:attachment":[{"href":"http:\/\/www.swjanzakrzow.archidiecezja.wroc.pl\/index.php?rest_route=%2Fwp%2Fv2%2Fmedia&parent=2164"}],"wp:term":[{"taxonomy":"category","embeddable":true,"href":"http:\/\/www.swjanzakrzow.archidiecezja.wroc.pl\/index.php?rest_route=%2Fwp%2Fv2%2Fcategories&post=2164"},{"taxonomy":"post_tag","embeddable":true,"href":"http:\/\/www.swjanzakrzow.archidiecezja.wroc.pl\/index.php?rest_route=%2Fwp%2Fv2%2Ftags&post=2164"}],"curies":[{"name":"wp","href":"https:\/\/api.w.org\/{rel}","templated":true}]}}