{"id":2182,"date":"2024-09-27T11:34:43","date_gmt":"2024-09-27T09:34:43","guid":{"rendered":"http:\/\/www.swjanzakrzow.archidiecezja.wroc.pl\/?p=2182"},"modified":"2024-09-27T11:36:31","modified_gmt":"2024-09-27T09:36:31","slug":"zachecamy-lekture-prasy-katolickiej","status":"publish","type":"post","link":"http:\/\/www.swjanzakrzow.archidiecezja.wroc.pl\/?p=2182","title":{"rendered":"Zach\u0119camy lektur\u0119 prasy katolickiej"},"content":{"rendered":"\n<p>Dotar\u0142y do nas najnowsze wydania Tygodnik\u00f3w &#8220;Niedziela&#8221; oraz &#8220;Go\u015b\u0107 Niedzielny&#8221; oraz miesi\u0119cznika &#8220;Ma\u0142y Go\u015b\u0107 Niedzielny&#8221;. S\u0105 one wystawione w naszym gazetniku. Zach\u0119camy do lektury! <\/p>\n\n\n\n<figure class=\"wp-block-image size-full\"><img decoding=\"async\" loading=\"lazy\" width=\"940\" height=\"788\" src=\"http:\/\/www.swjanzakrzow.archidiecezja.wroc.pl\/wp-content\/uploads\/2024\/09\/Zielony-Nieruchomosci-Nowa-Tresc-Profesjonalne-Uslugi-Post-na-Facebooka-1.jpg\" alt=\"\" class=\"wp-image-2185\" srcset=\"http:\/\/www.swjanzakrzow.archidiecezja.wroc.pl\/wp-content\/uploads\/2024\/09\/Zielony-Nieruchomosci-Nowa-Tresc-Profesjonalne-Uslugi-Post-na-Facebooka-1.jpg 940w, http:\/\/www.swjanzakrzow.archidiecezja.wroc.pl\/wp-content\/uploads\/2024\/09\/Zielony-Nieruchomosci-Nowa-Tresc-Profesjonalne-Uslugi-Post-na-Facebooka-1-300x251.jpg 300w, http:\/\/www.swjanzakrzow.archidiecezja.wroc.pl\/wp-content\/uploads\/2024\/09\/Zielony-Nieruchomosci-Nowa-Tresc-Profesjonalne-Uslugi-Post-na-Facebooka-1-768x644.jpg 768w, http:\/\/www.swjanzakrzow.archidiecezja.wroc.pl\/wp-content\/uploads\/2024\/09\/Zielony-Nieruchomosci-Nowa-Tresc-Profesjonalne-Uslugi-Post-na-Facebooka-1-676x567.jpg 676w\" sizes=\"(max-width: 940px) 100vw, 940px\" \/><\/figure>\n","protected":false},"excerpt":{"rendered":"<p>Dotar\u0142y do nas najnowsze wydania Tygodnik\u00f3w &#8220;Niedziela&#8221; oraz &#8220;Go\u015b\u0107 Niedzielny&#8221; oraz miesi\u0119cznika &#8220;Ma\u0142y Go\u015b\u0107 Niedzielny&#8221;. S\u0105 one wystawione w naszym gazetniku. Zach\u0119camy do lektury!<\/p>\n","protected":false},"author":2,"featured_media":0,"comment_status":"closed","ping_status":"open","sticky":false,"template":"","format":"standard","meta":[],"categories":[1],"tags":[],"_links":{"self":[{"href":"http:\/\/www.swjanzakrzow.archidiecezja.wroc.pl\/index.php?rest_route=\/wp\/v2\/posts\/2182"}],"collection":[{"href":"http:\/\/www.swjanzakrzow.archidiecezja.wroc.pl\/index.php?rest_route=\/wp\/v2\/posts"}],"about":[{"href":"http:\/\/www.swjanzakrzow.archidiecezja.wroc.pl\/index.php?rest_route=\/wp\/v2\/types\/post"}],"author":[{"embeddable":true,"href":"http:\/\/www.swjanzakrzow.archidiecezja.wroc.pl\/index.php?rest_route=\/wp\/v2\/users\/2"}],"replies":[{"embeddable":true,"href":"http:\/\/www.swjanzakrzow.archidiecezja.wroc.pl\/index.php?rest_route=%2Fwp%2Fv2%2Fcomments&post=2182"}],"version-history":[{"count":2,"href":"http:\/\/www.swjanzakrzow.archidiecezja.wroc.pl\/index.php?rest_route=\/wp\/v2\/posts\/2182\/revisions"}],"predecessor-version":[{"id":2186,"href":"http:\/\/www.swjanzakrzow.archidiecezja.wroc.pl\/index.php?rest_route=\/wp\/v2\/posts\/2182\/revisions\/2186"}],"wp:attachment":[{"href":"http:\/\/www.swjanzakrzow.archidiecezja.wroc.pl\/index.php?rest_route=%2Fwp%2Fv2%2Fmedia&parent=2182"}],"wp:term":[{"taxonomy":"category","embeddable":true,"href":"http:\/\/www.swjanzakrzow.archidiecezja.wroc.pl\/index.php?rest_route=%2Fwp%2Fv2%2Fcategories&post=2182"},{"taxonomy":"post_tag","embeddable":true,"href":"http:\/\/www.swjanzakrzow.archidiecezja.wroc.pl\/index.php?rest_route=%2Fwp%2Fv2%2Ftags&post=2182"}],"curies":[{"name":"wp","href":"https:\/\/api.w.org\/{rel}","templated":true}]}}