{"id":2187,"date":"2024-09-28T16:15:22","date_gmt":"2024-09-28T14:15:22","guid":{"rendered":"http:\/\/www.swjanzakrzow.archidiecezja.wroc.pl\/?p=2187"},"modified":"2024-09-28T16:15:22","modified_gmt":"2024-09-28T14:15:22","slug":"koronka-na-ulicach-miast-swiata","status":"publish","type":"post","link":"http:\/\/www.swjanzakrzow.archidiecezja.wroc.pl\/?p=2187","title":{"rendered":"Koronka na ulicach miast \u015bwiata"},"content":{"rendered":"\n<p>Dzi\u015b o godzinie 15.00 modlili\u015bmy si\u0119 Koronk\u0105 do Bo\u017cego Mi\u0142osierdzia. To by\u0142a nasza &#8220;Iskra Mi\u0142osierdzia&#8221; w \u0142\u0105czno\u015bci z wszystkimi modl\u0105cymi si\u0119 w ramach &#8220;Koronki na ulicach \u015bwiata&#8221;. W tym roku polecali\u015bmy intencje:<\/p>\n\n\n\n<p>W tym roku towarzysz\u0105 nam intencje:.<br>1. Aby w Panu Bogu pok\u0142ada\u0107 nadzieje stawiaj\u0105c Go na pierwszym miejscu w \u017cyciu rodzinnym, spo\u0142ecznym i politycznym.<br>2. Za Ko\u015bci\u00f3\u0142 Bo\u017cy, aby wiernie i konsekwentnie broni\u0142 depozytu wiary i moralno\u015bci.<br>3. Za biskup\u00f3w i ksi\u0119\u017cy, aby byli kap\u0142anami wed\u0142ug Serca Jezusowego.<br>4. Za rz\u0105dz\u0105cych, aby sprawowanie w\u0142adzy traktowali jako s\u0142u\u017cb\u0119 na rzecz wsp\u00f3lnego dobra nas wszystkich.<br>5. O poszanowanie \u017cycia ludzkiego \u2013 od pocz\u0119cia do naturalnej \u015bmierci.<br>6. O pok\u00f3j na ca\u0142ym \u015bwiecie, zw\u0142aszcza w miejscach wojen i niepokoju, a szczeg\u00f3lnie za Haiti ogarni\u0119te zam\u0119tem i bezprawiem.<br>7. Za wszelkich wi\u0119\u017ani\u00f3w, a zw\u0142aszcza tych, kt\u00f3rzy trwaj\u0105 daleko od Boga, nie widz\u0105 sensu nawr\u00f3cenia, kt\u00f3rym brakuje nadziei w Bo\u017ce Mi\u0142osierdzie<br>8. O powr\u00f3t uchod\u017ac\u00f3w do ich ojczystych kraj\u00f3w i pomoc w odbudowie ich dom\u00f3w.<br>9. Za \u017co\u0142nierzy i obro\u0144c\u00f3w granic, aby skutecznie i godnie bronili ojczyzny.<br>10.Za nasze kraje, miasta, nasze rodziny i nas samych.<\/p>\n\n\n\n<p>Do naszej modlitwy dodali\u015bmy jeszcze jedn\u0105 intencje. W intencji pracownik\u00f3w firmy &#8220;Beko&#8221; we Wroc\u0142awiu, kt\u00f3rzy stoj\u0105 przed widmem zwolnienia. Prosili\u015bmy o si\u0142y dla nich w walce o miejsca pracy.<\/p>\n\n\n\n<p>Dzi\u0119kujemy wszystkim za obecno\u015b\u0107 i modlitw\u0119.<\/p>\n\n\n\n<figure class=\"wp-block-image size-full\"><img decoding=\"async\" loading=\"lazy\" width=\"960\" height=\"720\" src=\"http:\/\/www.swjanzakrzow.archidiecezja.wroc.pl\/wp-content\/uploads\/2024\/09\/461484302_920879983408401_985275701542045619_n.jpg\" alt=\"\" class=\"wp-image-2188\" srcset=\"http:\/\/www.swjanzakrzow.archidiecezja.wroc.pl\/wp-content\/uploads\/2024\/09\/461484302_920879983408401_985275701542045619_n.jpg 960w, http:\/\/www.swjanzakrzow.archidiecezja.wroc.pl\/wp-content\/uploads\/2024\/09\/461484302_920879983408401_985275701542045619_n-300x225.jpg 300w, http:\/\/www.swjanzakrzow.archidiecezja.wroc.pl\/wp-content\/uploads\/2024\/09\/461484302_920879983408401_985275701542045619_n-768x576.jpg 768w, http:\/\/www.swjanzakrzow.archidiecezja.wroc.pl\/wp-content\/uploads\/2024\/09\/461484302_920879983408401_985275701542045619_n-676x507.jpg 676w\" sizes=\"(max-width: 960px) 100vw, 960px\" \/><\/figure>\n","protected":false},"excerpt":{"rendered":"<p>Dzi\u015b o godzinie 15.00 modlili\u015bmy si\u0119 Koronk\u0105 do Bo\u017cego Mi\u0142osierdzia. To by\u0142a nasza &#8220;Iskra Mi\u0142osierdzia&#8221; w \u0142\u0105czno\u015bci z wszystkimi modl\u0105cymi si\u0119 w ramach &#8220;Koronki na ulicach \u015bwiata&#8221;. W tym roku polecali\u015bmy intencje: W tym roku towarzysz\u0105 nam intencje:.1. Aby w Panu Bogu pok\u0142ada\u0107 nadzieje stawiaj\u0105c Go na pierwszym miejscu w \u017cyciu rodzinnym, spo\u0142ecznym i politycznym.2. [&hellip;]<\/p>\n","protected":false},"author":2,"featured_media":0,"comment_status":"closed","ping_status":"open","sticky":false,"template":"","format":"standard","meta":[],"categories":[1],"tags":[],"_links":{"self":[{"href":"http:\/\/www.swjanzakrzow.archidiecezja.wroc.pl\/index.php?rest_route=\/wp\/v2\/posts\/2187"}],"collection":[{"href":"http:\/\/www.swjanzakrzow.archidiecezja.wroc.pl\/index.php?rest_route=\/wp\/v2\/posts"}],"about":[{"href":"http:\/\/www.swjanzakrzow.archidiecezja.wroc.pl\/index.php?rest_route=\/wp\/v2\/types\/post"}],"author":[{"embeddable":true,"href":"http:\/\/www.swjanzakrzow.archidiecezja.wroc.pl\/index.php?rest_route=\/wp\/v2\/users\/2"}],"replies":[{"embeddable":true,"href":"http:\/\/www.swjanzakrzow.archidiecezja.wroc.pl\/index.php?rest_route=%2Fwp%2Fv2%2Fcomments&post=2187"}],"version-history":[{"count":1,"href":"http:\/\/www.swjanzakrzow.archidiecezja.wroc.pl\/index.php?rest_route=\/wp\/v2\/posts\/2187\/revisions"}],"predecessor-version":[{"id":2189,"href":"http:\/\/www.swjanzakrzow.archidiecezja.wroc.pl\/index.php?rest_route=\/wp\/v2\/posts\/2187\/revisions\/2189"}],"wp:attachment":[{"href":"http:\/\/www.swjanzakrzow.archidiecezja.wroc.pl\/index.php?rest_route=%2Fwp%2Fv2%2Fmedia&parent=2187"}],"wp:term":[{"taxonomy":"category","embeddable":true,"href":"http:\/\/www.swjanzakrzow.archidiecezja.wroc.pl\/index.php?rest_route=%2Fwp%2Fv2%2Fcategories&post=2187"},{"taxonomy":"post_tag","embeddable":true,"href":"http:\/\/www.swjanzakrzow.archidiecezja.wroc.pl\/index.php?rest_route=%2Fwp%2Fv2%2Ftags&post=2187"}],"curies":[{"name":"wp","href":"https:\/\/api.w.org\/{rel}","templated":true}]}}