{"id":2204,"date":"2024-10-01T13:21:12","date_gmt":"2024-10-01T11:21:12","guid":{"rendered":"http:\/\/www.swjanzakrzow.archidiecezja.wroc.pl\/?p=2204"},"modified":"2024-10-01T13:21:12","modified_gmt":"2024-10-01T11:21:12","slug":"nowy-konfesjonal","status":"publish","type":"post","link":"http:\/\/www.swjanzakrzow.archidiecezja.wroc.pl\/?p=2204","title":{"rendered":"Nowy konfesjona\u0142"},"content":{"rendered":"\n<p>Dzi\u015b w naszym ko\u015bciele parafialnym zainstalowany zosta\u0142 trzeci ju\u017c konfesjona\u0142. To oznacza, \u017ce zako\u0144czyli\u015bmy ju\u017c proces zmian konfesjona\u0142\u00f3w. Dzi\u0119ki temu mo\u017cna w wi\u0119kszym komforcie przyst\u0119powa\u0107 do Sakramentu Pokuty i Pojednania.<\/p>\n\n\n\n<p>Dzi\u0119kujemy za wszelkie ofiary, kt\u00f3re zosta\u0142y na ten cel przekazane!<\/p>\n\n\n\n<figure class=\"wp-block-image size-full\"><img decoding=\"async\" loading=\"lazy\" width=\"940\" height=\"788\" src=\"http:\/\/www.swjanzakrzow.archidiecezja.wroc.pl\/wp-content\/uploads\/2024\/10\/Jasnoszary-Schludny-Prosty-Modny-Post-na-Facebooka-\u2013-wyprzedaz.jpg\" alt=\"\" class=\"wp-image-2206\" srcset=\"http:\/\/www.swjanzakrzow.archidiecezja.wroc.pl\/wp-content\/uploads\/2024\/10\/Jasnoszary-Schludny-Prosty-Modny-Post-na-Facebooka-\u2013-wyprzedaz.jpg 940w, http:\/\/www.swjanzakrzow.archidiecezja.wroc.pl\/wp-content\/uploads\/2024\/10\/Jasnoszary-Schludny-Prosty-Modny-Post-na-Facebooka-\u2013-wyprzedaz-300x251.jpg 300w, http:\/\/www.swjanzakrzow.archidiecezja.wroc.pl\/wp-content\/uploads\/2024\/10\/Jasnoszary-Schludny-Prosty-Modny-Post-na-Facebooka-\u2013-wyprzedaz-768x644.jpg 768w, http:\/\/www.swjanzakrzow.archidiecezja.wroc.pl\/wp-content\/uploads\/2024\/10\/Jasnoszary-Schludny-Prosty-Modny-Post-na-Facebooka-\u2013-wyprzedaz-676x567.jpg 676w\" sizes=\"(max-width: 940px) 100vw, 940px\" \/><\/figure>\n","protected":false},"excerpt":{"rendered":"<p>Dzi\u015b w naszym ko\u015bciele parafialnym zainstalowany zosta\u0142 trzeci ju\u017c konfesjona\u0142. To oznacza, \u017ce zako\u0144czyli\u015bmy ju\u017c proces zmian konfesjona\u0142\u00f3w. Dzi\u0119ki temu mo\u017cna w wi\u0119kszym komforcie przyst\u0119powa\u0107 do Sakramentu Pokuty i Pojednania. Dzi\u0119kujemy za wszelkie ofiary, kt\u00f3re zosta\u0142y na ten cel przekazane!<\/p>\n","protected":false},"author":2,"featured_media":0,"comment_status":"closed","ping_status":"open","sticky":false,"template":"","format":"standard","meta":[],"categories":[1],"tags":[],"_links":{"self":[{"href":"http:\/\/www.swjanzakrzow.archidiecezja.wroc.pl\/index.php?rest_route=\/wp\/v2\/posts\/2204"}],"collection":[{"href":"http:\/\/www.swjanzakrzow.archidiecezja.wroc.pl\/index.php?rest_route=\/wp\/v2\/posts"}],"about":[{"href":"http:\/\/www.swjanzakrzow.archidiecezja.wroc.pl\/index.php?rest_route=\/wp\/v2\/types\/post"}],"author":[{"embeddable":true,"href":"http:\/\/www.swjanzakrzow.archidiecezja.wroc.pl\/index.php?rest_route=\/wp\/v2\/users\/2"}],"replies":[{"embeddable":true,"href":"http:\/\/www.swjanzakrzow.archidiecezja.wroc.pl\/index.php?rest_route=%2Fwp%2Fv2%2Fcomments&post=2204"}],"version-history":[{"count":1,"href":"http:\/\/www.swjanzakrzow.archidiecezja.wroc.pl\/index.php?rest_route=\/wp\/v2\/posts\/2204\/revisions"}],"predecessor-version":[{"id":2207,"href":"http:\/\/www.swjanzakrzow.archidiecezja.wroc.pl\/index.php?rest_route=\/wp\/v2\/posts\/2204\/revisions\/2207"}],"wp:attachment":[{"href":"http:\/\/www.swjanzakrzow.archidiecezja.wroc.pl\/index.php?rest_route=%2Fwp%2Fv2%2Fmedia&parent=2204"}],"wp:term":[{"taxonomy":"category","embeddable":true,"href":"http:\/\/www.swjanzakrzow.archidiecezja.wroc.pl\/index.php?rest_route=%2Fwp%2Fv2%2Fcategories&post=2204"},{"taxonomy":"post_tag","embeddable":true,"href":"http:\/\/www.swjanzakrzow.archidiecezja.wroc.pl\/index.php?rest_route=%2Fwp%2Fv2%2Ftags&post=2204"}],"curies":[{"name":"wp","href":"https:\/\/api.w.org\/{rel}","templated":true}]}}