{"id":2208,"date":"2024-10-01T16:32:09","date_gmt":"2024-10-01T14:32:09","guid":{"rendered":"http:\/\/www.swjanzakrzow.archidiecezja.wroc.pl\/?p=2208"},"modified":"2024-10-01T16:32:09","modified_gmt":"2024-10-01T14:32:09","slug":"w-intencji-pracownikow-bylego-whirlpoolu","status":"publish","type":"post","link":"http:\/\/www.swjanzakrzow.archidiecezja.wroc.pl\/?p=2208","title":{"rendered":"W intencji pracownik\u00f3w by\u0142ego &#8220;Whirlpoolu&#8221;"},"content":{"rendered":"\n<p>Firma &#8220;Beko&#8221; og\u0142osi\u0142a zwolnienia pracownik\u00f3w. Przed widmem zwolnienia stan\u0119\u0142o ok. 700 os\u00f3b. Chcemy by\u0107 w tym trudnym momencie razem z pracownikami by\u0142ego &#8220;Whirlpoolu&#8221; i razem z nimi modli\u0107 si\u0119 na Mszy \u015bwi\u0119tej, w najbli\u017csz\u0105 niedziel\u0119 6 pa\u017adziernika o godz. 12:00.<\/p>\n\n\n\n<figure class=\"wp-block-image size-large\"><img decoding=\"async\" loading=\"lazy\" width=\"1024\" height=\"576\" src=\"http:\/\/www.swjanzakrzow.archidiecezja.wroc.pl\/wp-content\/uploads\/2024\/10\/Photocentric-Sunday-Mass-YouTube-Thumbnail-1024x576.jpg\" alt=\"\" class=\"wp-image-2209\" srcset=\"http:\/\/www.swjanzakrzow.archidiecezja.wroc.pl\/wp-content\/uploads\/2024\/10\/Photocentric-Sunday-Mass-YouTube-Thumbnail-1024x576.jpg 1024w, http:\/\/www.swjanzakrzow.archidiecezja.wroc.pl\/wp-content\/uploads\/2024\/10\/Photocentric-Sunday-Mass-YouTube-Thumbnail-300x169.jpg 300w, http:\/\/www.swjanzakrzow.archidiecezja.wroc.pl\/wp-content\/uploads\/2024\/10\/Photocentric-Sunday-Mass-YouTube-Thumbnail-768x432.jpg 768w, http:\/\/www.swjanzakrzow.archidiecezja.wroc.pl\/wp-content\/uploads\/2024\/10\/Photocentric-Sunday-Mass-YouTube-Thumbnail-676x380.jpg 676w, http:\/\/www.swjanzakrzow.archidiecezja.wroc.pl\/wp-content\/uploads\/2024\/10\/Photocentric-Sunday-Mass-YouTube-Thumbnail.jpg 1280w\" sizes=\"(max-width: 1024px) 100vw, 1024px\" \/><\/figure>\n\n\n\n<p>B\u0119dziemy modli\u0107 si\u0119 tak\u017ce przez wstawiennictwo b\u0142. ks. Jerzego Popie\u0142uszki, a po Eucharystii b\u0119dzie mo\u017cliwo\u015b\u0107 uca\u0142owania jego relikwii<\/p>\n","protected":false},"excerpt":{"rendered":"<p>Firma &#8220;Beko&#8221; og\u0142osi\u0142a zwolnienia pracownik\u00f3w. Przed widmem zwolnienia stan\u0119\u0142o ok. 700 os\u00f3b. Chcemy by\u0107 w tym trudnym momencie razem z pracownikami by\u0142ego &#8220;Whirlpoolu&#8221; i razem z nimi modli\u0107 si\u0119 na Mszy \u015bwi\u0119tej, w najbli\u017csz\u0105 niedziel\u0119 6 pa\u017adziernika o godz. 12:00. B\u0119dziemy modli\u0107 si\u0119 tak\u017ce przez wstawiennictwo b\u0142. ks. Jerzego Popie\u0142uszki, a po Eucharystii b\u0119dzie mo\u017cliwo\u015b\u0107 [&hellip;]<\/p>\n","protected":false},"author":2,"featured_media":0,"comment_status":"closed","ping_status":"open","sticky":false,"template":"","format":"standard","meta":[],"categories":[1],"tags":[],"_links":{"self":[{"href":"http:\/\/www.swjanzakrzow.archidiecezja.wroc.pl\/index.php?rest_route=\/wp\/v2\/posts\/2208"}],"collection":[{"href":"http:\/\/www.swjanzakrzow.archidiecezja.wroc.pl\/index.php?rest_route=\/wp\/v2\/posts"}],"about":[{"href":"http:\/\/www.swjanzakrzow.archidiecezja.wroc.pl\/index.php?rest_route=\/wp\/v2\/types\/post"}],"author":[{"embeddable":true,"href":"http:\/\/www.swjanzakrzow.archidiecezja.wroc.pl\/index.php?rest_route=\/wp\/v2\/users\/2"}],"replies":[{"embeddable":true,"href":"http:\/\/www.swjanzakrzow.archidiecezja.wroc.pl\/index.php?rest_route=%2Fwp%2Fv2%2Fcomments&post=2208"}],"version-history":[{"count":1,"href":"http:\/\/www.swjanzakrzow.archidiecezja.wroc.pl\/index.php?rest_route=\/wp\/v2\/posts\/2208\/revisions"}],"predecessor-version":[{"id":2210,"href":"http:\/\/www.swjanzakrzow.archidiecezja.wroc.pl\/index.php?rest_route=\/wp\/v2\/posts\/2208\/revisions\/2210"}],"wp:attachment":[{"href":"http:\/\/www.swjanzakrzow.archidiecezja.wroc.pl\/index.php?rest_route=%2Fwp%2Fv2%2Fmedia&parent=2208"}],"wp:term":[{"taxonomy":"category","embeddable":true,"href":"http:\/\/www.swjanzakrzow.archidiecezja.wroc.pl\/index.php?rest_route=%2Fwp%2Fv2%2Fcategories&post=2208"},{"taxonomy":"post_tag","embeddable":true,"href":"http:\/\/www.swjanzakrzow.archidiecezja.wroc.pl\/index.php?rest_route=%2Fwp%2Fv2%2Ftags&post=2208"}],"curies":[{"name":"wp","href":"https:\/\/api.w.org\/{rel}","templated":true}]}}