{"id":2211,"date":"2024-10-02T09:13:52","date_gmt":"2024-10-02T07:13:52","guid":{"rendered":"http:\/\/www.swjanzakrzow.archidiecezja.wroc.pl\/?p=2211"},"modified":"2024-10-02T09:16:03","modified_gmt":"2024-10-02T07:16:03","slug":"poswiecenie-rowerow-i-hulajnog","status":"publish","type":"post","link":"http:\/\/www.swjanzakrzow.archidiecezja.wroc.pl\/?p=2211","title":{"rendered":"Po\u015bwi\u0119cenie rower\u00f3w i hulajnog"},"content":{"rendered":"\n<p>Jest ju\u017c taka tradycja w naszej parafii, \u017ce w dniu liturgicznego wspomnienia \u015awi\u0119tych Anio\u0142\u00f3w Str\u00f3\u017c\u00f3w \u015bwi\u0119cimy rowery i hulajnogi. Najpierw modlimy si\u0119 na r\u00f3\u017ca\u0144cu o 17:00, a po nim wychodzimy przed ko\u015bci\u00f3\u0142 i \u015bwi\u0119cimy rowery i hulajnogi, a p\u00f3\u017aniej jedziemy razem [ksi\u0119\u017ca, dzieci i m\u0142odzie\u017c] dooko\u0142a ko\u015bcio\u0142a.<\/p>\n\n\n\n<figure class=\"wp-block-image size-large\"><img decoding=\"async\" loading=\"lazy\" width=\"1024\" height=\"1024\" src=\"http:\/\/www.swjanzakrzow.archidiecezja.wroc.pl\/wp-content\/uploads\/2024\/10\/Teal-Modern-Childrens-Bikes-Instagram-Post-1024x1024.jpg\" alt=\"\" class=\"wp-image-2212\" srcset=\"http:\/\/www.swjanzakrzow.archidiecezja.wroc.pl\/wp-content\/uploads\/2024\/10\/Teal-Modern-Childrens-Bikes-Instagram-Post-1024x1024.jpg 1024w, http:\/\/www.swjanzakrzow.archidiecezja.wroc.pl\/wp-content\/uploads\/2024\/10\/Teal-Modern-Childrens-Bikes-Instagram-Post-300x300.jpg 300w, http:\/\/www.swjanzakrzow.archidiecezja.wroc.pl\/wp-content\/uploads\/2024\/10\/Teal-Modern-Childrens-Bikes-Instagram-Post-150x150.jpg 150w, http:\/\/www.swjanzakrzow.archidiecezja.wroc.pl\/wp-content\/uploads\/2024\/10\/Teal-Modern-Childrens-Bikes-Instagram-Post-768x768.jpg 768w, http:\/\/www.swjanzakrzow.archidiecezja.wroc.pl\/wp-content\/uploads\/2024\/10\/Teal-Modern-Childrens-Bikes-Instagram-Post-676x676.jpg 676w, http:\/\/www.swjanzakrzow.archidiecezja.wroc.pl\/wp-content\/uploads\/2024\/10\/Teal-Modern-Childrens-Bikes-Instagram-Post.jpg 1080w\" sizes=\"(max-width: 1024px) 100vw, 1024px\" \/><\/figure>\n","protected":false},"excerpt":{"rendered":"<p>Jest ju\u017c taka tradycja w naszej parafii, \u017ce w dniu liturgicznego wspomnienia \u015awi\u0119tych Anio\u0142\u00f3w Str\u00f3\u017c\u00f3w \u015bwi\u0119cimy rowery i hulajnogi. Najpierw modlimy si\u0119 na r\u00f3\u017ca\u0144cu o 17:00, a po nim wychodzimy przed ko\u015bci\u00f3\u0142 i \u015bwi\u0119cimy rowery i hulajnogi, a p\u00f3\u017aniej jedziemy razem [ksi\u0119\u017ca, dzieci i m\u0142odzie\u017c] dooko\u0142a ko\u015bcio\u0142a.<\/p>\n","protected":false},"author":2,"featured_media":0,"comment_status":"closed","ping_status":"open","sticky":false,"template":"","format":"standard","meta":[],"categories":[1],"tags":[],"_links":{"self":[{"href":"http:\/\/www.swjanzakrzow.archidiecezja.wroc.pl\/index.php?rest_route=\/wp\/v2\/posts\/2211"}],"collection":[{"href":"http:\/\/www.swjanzakrzow.archidiecezja.wroc.pl\/index.php?rest_route=\/wp\/v2\/posts"}],"about":[{"href":"http:\/\/www.swjanzakrzow.archidiecezja.wroc.pl\/index.php?rest_route=\/wp\/v2\/types\/post"}],"author":[{"embeddable":true,"href":"http:\/\/www.swjanzakrzow.archidiecezja.wroc.pl\/index.php?rest_route=\/wp\/v2\/users\/2"}],"replies":[{"embeddable":true,"href":"http:\/\/www.swjanzakrzow.archidiecezja.wroc.pl\/index.php?rest_route=%2Fwp%2Fv2%2Fcomments&post=2211"}],"version-history":[{"count":2,"href":"http:\/\/www.swjanzakrzow.archidiecezja.wroc.pl\/index.php?rest_route=\/wp\/v2\/posts\/2211\/revisions"}],"predecessor-version":[{"id":2214,"href":"http:\/\/www.swjanzakrzow.archidiecezja.wroc.pl\/index.php?rest_route=\/wp\/v2\/posts\/2211\/revisions\/2214"}],"wp:attachment":[{"href":"http:\/\/www.swjanzakrzow.archidiecezja.wroc.pl\/index.php?rest_route=%2Fwp%2Fv2%2Fmedia&parent=2211"}],"wp:term":[{"taxonomy":"category","embeddable":true,"href":"http:\/\/www.swjanzakrzow.archidiecezja.wroc.pl\/index.php?rest_route=%2Fwp%2Fv2%2Fcategories&post=2211"},{"taxonomy":"post_tag","embeddable":true,"href":"http:\/\/www.swjanzakrzow.archidiecezja.wroc.pl\/index.php?rest_route=%2Fwp%2Fv2%2Ftags&post=2211"}],"curies":[{"name":"wp","href":"https:\/\/api.w.org\/{rel}","templated":true}]}}