{"id":2218,"date":"2024-10-03T19:07:23","date_gmt":"2024-10-03T17:07:23","guid":{"rendered":"http:\/\/www.swjanzakrzow.archidiecezja.wroc.pl\/?p=2218"},"modified":"2024-10-03T19:07:23","modified_gmt":"2024-10-03T17:07:23","slug":"marsz-dla-zycia-rodziny-i-ojczyzny","status":"publish","type":"post","link":"http:\/\/www.swjanzakrzow.archidiecezja.wroc.pl\/?p=2218","title":{"rendered":"Marsz dla \u017bycia, Rodziny i Ojczyzny"},"content":{"rendered":"\n<p>W najbli\u017csz\u0105 niedziel\u0119, 6 pa\u017adziernika o godz. 12:00 rozpocznie si\u0119 Marsz dla \u017cycia, rodziny i Ojczyzny. Na pocz\u0105tek Eucharystia w ko\u015bciele garnizonowym \u015bw. El\u017cbiety nieopodal Rynku. Po niej o 13:00 wyj\u015bcie marszu z placu przy ko\u015bciele. Kierunek marszu ->plac katedralny na Ostrowie Tumskim.<\/p>\n\n\n\n<figure class=\"wp-block-image size-large\"><img decoding=\"async\" loading=\"lazy\" width=\"724\" height=\"1024\" src=\"http:\/\/www.swjanzakrzow.archidiecezja.wroc.pl\/wp-content\/uploads\/2024\/10\/MDZiR_2024_WROCLAW-724x1024.png\" alt=\"\" class=\"wp-image-2219\" srcset=\"http:\/\/www.swjanzakrzow.archidiecezja.wroc.pl\/wp-content\/uploads\/2024\/10\/MDZiR_2024_WROCLAW-724x1024.png 724w, http:\/\/www.swjanzakrzow.archidiecezja.wroc.pl\/wp-content\/uploads\/2024\/10\/MDZiR_2024_WROCLAW-212x300.png 212w, http:\/\/www.swjanzakrzow.archidiecezja.wroc.pl\/wp-content\/uploads\/2024\/10\/MDZiR_2024_WROCLAW-768x1086.png 768w, http:\/\/www.swjanzakrzow.archidiecezja.wroc.pl\/wp-content\/uploads\/2024\/10\/MDZiR_2024_WROCLAW-676x956.png 676w, http:\/\/www.swjanzakrzow.archidiecezja.wroc.pl\/wp-content\/uploads\/2024\/10\/MDZiR_2024_WROCLAW.png 1024w\" sizes=\"(max-width: 724px) 100vw, 724px\" \/><\/figure>\n","protected":false},"excerpt":{"rendered":"<p>W najbli\u017csz\u0105 niedziel\u0119, 6 pa\u017adziernika o godz. 12:00 rozpocznie si\u0119 Marsz dla \u017cycia, rodziny i Ojczyzny. Na pocz\u0105tek Eucharystia w ko\u015bciele garnizonowym \u015bw. El\u017cbiety nieopodal Rynku. Po niej o 13:00 wyj\u015bcie marszu z placu przy ko\u015bciele. Kierunek marszu ->plac katedralny na Ostrowie Tumskim.<\/p>\n","protected":false},"author":2,"featured_media":0,"comment_status":"closed","ping_status":"open","sticky":false,"template":"","format":"standard","meta":[],"categories":[1],"tags":[],"_links":{"self":[{"href":"http:\/\/www.swjanzakrzow.archidiecezja.wroc.pl\/index.php?rest_route=\/wp\/v2\/posts\/2218"}],"collection":[{"href":"http:\/\/www.swjanzakrzow.archidiecezja.wroc.pl\/index.php?rest_route=\/wp\/v2\/posts"}],"about":[{"href":"http:\/\/www.swjanzakrzow.archidiecezja.wroc.pl\/index.php?rest_route=\/wp\/v2\/types\/post"}],"author":[{"embeddable":true,"href":"http:\/\/www.swjanzakrzow.archidiecezja.wroc.pl\/index.php?rest_route=\/wp\/v2\/users\/2"}],"replies":[{"embeddable":true,"href":"http:\/\/www.swjanzakrzow.archidiecezja.wroc.pl\/index.php?rest_route=%2Fwp%2Fv2%2Fcomments&post=2218"}],"version-history":[{"count":1,"href":"http:\/\/www.swjanzakrzow.archidiecezja.wroc.pl\/index.php?rest_route=\/wp\/v2\/posts\/2218\/revisions"}],"predecessor-version":[{"id":2220,"href":"http:\/\/www.swjanzakrzow.archidiecezja.wroc.pl\/index.php?rest_route=\/wp\/v2\/posts\/2218\/revisions\/2220"}],"wp:attachment":[{"href":"http:\/\/www.swjanzakrzow.archidiecezja.wroc.pl\/index.php?rest_route=%2Fwp%2Fv2%2Fmedia&parent=2218"}],"wp:term":[{"taxonomy":"category","embeddable":true,"href":"http:\/\/www.swjanzakrzow.archidiecezja.wroc.pl\/index.php?rest_route=%2Fwp%2Fv2%2Fcategories&post=2218"},{"taxonomy":"post_tag","embeddable":true,"href":"http:\/\/www.swjanzakrzow.archidiecezja.wroc.pl\/index.php?rest_route=%2Fwp%2Fv2%2Ftags&post=2218"}],"curies":[{"name":"wp","href":"https:\/\/api.w.org\/{rel}","templated":true}]}}