{"id":2237,"date":"2024-10-09T09:24:06","date_gmt":"2024-10-09T07:24:06","guid":{"rendered":"http:\/\/www.swjanzakrzow.archidiecezja.wroc.pl\/?p=2237"},"modified":"2024-10-09T09:24:06","modified_gmt":"2024-10-09T07:24:06","slug":"45-piesza-pielgrzymka-wroclawska","status":"publish","type":"post","link":"http:\/\/www.swjanzakrzow.archidiecezja.wroc.pl\/?p=2237","title":{"rendered":"45. Piesza Pielgrzymka Wroc\u0142awska"},"content":{"rendered":"\n<p>W sobot\u0119, 12 pa\u017adziernika, 45. Piesza Pielgrzymka Wroc\u0142awska do grobu \u015bw. Jadwigi w Trzebnicy, pod has\u0142em: Jeste\u015bmy Ko\u015bcio\u0142em. Pielgrzymka wyrusza o godz. 6.00 z Katedry Wroc\u0142awskiej.<\/p>\n\n\n\n<p>Msza \u015bw. dla pielgrzym\u00f3w przy o\u0142tarzu polowym o godz. 16.30. Przewodniczy Ksi\u0105dz Arcybiskup Tadeusz Wojda, przewodnicz\u0105cy Konferencji Episkopatu Polski.<\/p>\n\n\n\n<p>Z naszej parafii na pielgrzymk\u0119 wybiera si\u0119 dw\u00f3ch ksi\u0119\u017cy: ks. Mariusz wraz z gr. 20 oraz ks. \u0141ukasz wraz z gr. 14.<\/p>\n\n\n\n<figure class=\"wp-block-image size-full\"><img decoding=\"async\" loading=\"lazy\" width=\"700\" height=\"700\" src=\"http:\/\/www.swjanzakrzow.archidiecezja.wroc.pl\/wp-content\/uploads\/2024\/10\/WWW-KAFELEK-Pielgrzymka-do-Trzebnicy-2024.jpg\" alt=\"\" class=\"wp-image-2238\" srcset=\"http:\/\/www.swjanzakrzow.archidiecezja.wroc.pl\/wp-content\/uploads\/2024\/10\/WWW-KAFELEK-Pielgrzymka-do-Trzebnicy-2024.jpg 700w, http:\/\/www.swjanzakrzow.archidiecezja.wroc.pl\/wp-content\/uploads\/2024\/10\/WWW-KAFELEK-Pielgrzymka-do-Trzebnicy-2024-300x300.jpg 300w, http:\/\/www.swjanzakrzow.archidiecezja.wroc.pl\/wp-content\/uploads\/2024\/10\/WWW-KAFELEK-Pielgrzymka-do-Trzebnicy-2024-150x150.jpg 150w, http:\/\/www.swjanzakrzow.archidiecezja.wroc.pl\/wp-content\/uploads\/2024\/10\/WWW-KAFELEK-Pielgrzymka-do-Trzebnicy-2024-676x676.jpg 676w\" sizes=\"(max-width: 700px) 100vw, 700px\" \/><\/figure>\n\n\n\n<p>Zapraszamy do udzia\u0142u!<\/p>\n","protected":false},"excerpt":{"rendered":"<p>W sobot\u0119, 12 pa\u017adziernika, 45. Piesza Pielgrzymka Wroc\u0142awska do grobu \u015bw. Jadwigi w Trzebnicy, pod has\u0142em: Jeste\u015bmy Ko\u015bcio\u0142em. Pielgrzymka wyrusza o godz. 6.00 z Katedry Wroc\u0142awskiej. Msza \u015bw. dla pielgrzym\u00f3w przy o\u0142tarzu polowym o godz. 16.30. Przewodniczy Ksi\u0105dz Arcybiskup Tadeusz Wojda, przewodnicz\u0105cy Konferencji Episkopatu Polski. Z naszej parafii na pielgrzymk\u0119 wybiera si\u0119 dw\u00f3ch ksi\u0119\u017cy: ks. [&hellip;]<\/p>\n","protected":false},"author":2,"featured_media":0,"comment_status":"closed","ping_status":"open","sticky":false,"template":"","format":"standard","meta":[],"categories":[1],"tags":[],"_links":{"self":[{"href":"http:\/\/www.swjanzakrzow.archidiecezja.wroc.pl\/index.php?rest_route=\/wp\/v2\/posts\/2237"}],"collection":[{"href":"http:\/\/www.swjanzakrzow.archidiecezja.wroc.pl\/index.php?rest_route=\/wp\/v2\/posts"}],"about":[{"href":"http:\/\/www.swjanzakrzow.archidiecezja.wroc.pl\/index.php?rest_route=\/wp\/v2\/types\/post"}],"author":[{"embeddable":true,"href":"http:\/\/www.swjanzakrzow.archidiecezja.wroc.pl\/index.php?rest_route=\/wp\/v2\/users\/2"}],"replies":[{"embeddable":true,"href":"http:\/\/www.swjanzakrzow.archidiecezja.wroc.pl\/index.php?rest_route=%2Fwp%2Fv2%2Fcomments&post=2237"}],"version-history":[{"count":1,"href":"http:\/\/www.swjanzakrzow.archidiecezja.wroc.pl\/index.php?rest_route=\/wp\/v2\/posts\/2237\/revisions"}],"predecessor-version":[{"id":2239,"href":"http:\/\/www.swjanzakrzow.archidiecezja.wroc.pl\/index.php?rest_route=\/wp\/v2\/posts\/2237\/revisions\/2239"}],"wp:attachment":[{"href":"http:\/\/www.swjanzakrzow.archidiecezja.wroc.pl\/index.php?rest_route=%2Fwp%2Fv2%2Fmedia&parent=2237"}],"wp:term":[{"taxonomy":"category","embeddable":true,"href":"http:\/\/www.swjanzakrzow.archidiecezja.wroc.pl\/index.php?rest_route=%2Fwp%2Fv2%2Fcategories&post=2237"},{"taxonomy":"post_tag","embeddable":true,"href":"http:\/\/www.swjanzakrzow.archidiecezja.wroc.pl\/index.php?rest_route=%2Fwp%2Fv2%2Ftags&post=2237"}],"curies":[{"name":"wp","href":"https:\/\/api.w.org\/{rel}","templated":true}]}}