{"id":2280,"date":"2024-10-28T09:44:20","date_gmt":"2024-10-28T08:44:20","guid":{"rendered":"http:\/\/www.swjanzakrzow.archidiecezja.wroc.pl\/?p=2280"},"modified":"2024-10-28T09:44:20","modified_gmt":"2024-10-28T08:44:20","slug":"marsz-swietych","status":"publish","type":"post","link":"http:\/\/www.swjanzakrzow.archidiecezja.wroc.pl\/?p=2280","title":{"rendered":"Marsz \u015awi\u0119tych"},"content":{"rendered":"\n<p>Zbli\u017ca si\u0119 uroczysto\u015b\u0107 Wszystkich \u015awi\u0119tych, dlatego te\u017c w naszej parafii odby\u0142 si\u0119 Marsz \u015awi\u0119tych. Dzieci z naszej parafii przebra\u0142y si\u0119 za swojego ulubionego \u015bwi\u0119tego. Zanim rozpocz\u0119\u0142a si\u0119 Eucharystia o godz. 10:30, ks. proboszcz przywita\u0142 wszystkie dzieci przebrane za \u015bwi\u0119tych i zaznaczy\u0142, \u017ce \u015bwi\u0119ci s\u0105 nam dani po to, aby\u015bmy chcieli ich na\u015bladowa\u0107. Nast\u0119pnie procesyjnie wszyscy udali si\u0119 w stron\u0119 o\u0142tarza, przy \u015bpiewie scholi dzieci\u0119ciej &#8220;Gaudium&#8221;. <\/p>\n\n\n\n<p>Podczas homili ks. Wies\u0142aw Kara\u015b opowiada\u0142 dzieciom o tym dlaczego warto by\u0107 \u015bwi\u0119tym. Nawi\u0105za\u0142 tak\u017ce do zbli\u017caj\u0105cej si\u0119 uroczysto\u015bci Wszystkich \u015awi\u0119tych, t\u0142umacz\u0105c, \u017ce ka\u017cdy cz\u0142owiek jest powo\u0142any do \u015bwi\u0119to\u015bci i ta uroczysto\u015b\u0107 z 1 listopada przypomina, \u017ce mamy w Niebie \u015bwi\u0119tych, kt\u00f3rych nie znamy z imienia i z nazwiska, bo jest wiele os\u00f3b, kt\u00f3re za \u017cycia na\u015bladowa\u0142y Pana Jezusa. Kap\u0142an zaznaczy\u0142, \u017ce 2 listopada modlimy si\u0119 za zmar\u0142ych i dla nich prosimy o \u017cycie wieczne. <\/p>\n\n\n\n<p>Po zako\u0144czonej Mszy \u015bwi\u0119tej dzieci trzymaj\u0105c relikwie \u015bwi\u0119tych znajduj\u0105ce si\u0119 w naszej parafii wyruszy\u0142y na Marsz \u015awi\u0119tych wok\u00f3\u0142 naszego ko\u015bcio\u0142a. Na koniec przygotowane by\u0142o kakao oraz ciasta. <\/p>\n\n\n\n<figure class=\"wp-block-gallery has-nested-images columns-default is-cropped wp-block-gallery-1 is-layout-flex\">\n<figure class=\"wp-block-image size-large\"><img decoding=\"async\" loading=\"lazy\" width=\"1024\" height=\"683\" data-id=\"2289\"  src=\"http:\/\/www.swjanzakrzow.archidiecezja.wroc.pl\/wp-content\/uploads\/2024\/10\/DSC_0148-1024x683.jpg\" alt=\"\" class=\"wp-image-2289\" srcset=\"http:\/\/www.swjanzakrzow.archidiecezja.wroc.pl\/wp-content\/uploads\/2024\/10\/DSC_0148-1024x683.jpg 1024w, http:\/\/www.swjanzakrzow.archidiecezja.wroc.pl\/wp-content\/uploads\/2024\/10\/DSC_0148-300x200.jpg 300w, http:\/\/www.swjanzakrzow.archidiecezja.wroc.pl\/wp-content\/uploads\/2024\/10\/DSC_0148-768x512.jpg 768w, http:\/\/www.swjanzakrzow.archidiecezja.wroc.pl\/wp-content\/uploads\/2024\/10\/DSC_0148-1536x1024.jpg 1536w, http:\/\/www.swjanzakrzow.archidiecezja.wroc.pl\/wp-content\/uploads\/2024\/10\/DSC_0148-2048x1365.jpg 2048w, http:\/\/www.swjanzakrzow.archidiecezja.wroc.pl\/wp-content\/uploads\/2024\/10\/DSC_0148-676x451.jpg 676w\" sizes=\"(max-width: 1024px) 100vw, 1024px\" \/><\/figure>\n\n\n\n<figure class=\"wp-block-image size-large\"><img decoding=\"async\" loading=\"lazy\" width=\"1024\" height=\"683\" data-id=\"2290\"  src=\"http:\/\/www.swjanzakrzow.archidiecezja.wroc.pl\/wp-content\/uploads\/2024\/10\/DSC_0154-1024x683.jpg\" alt=\"\" class=\"wp-image-2290\" srcset=\"http:\/\/www.swjanzakrzow.archidiecezja.wroc.pl\/wp-content\/uploads\/2024\/10\/DSC_0154-1024x683.jpg 1024w, http:\/\/www.swjanzakrzow.archidiecezja.wroc.pl\/wp-content\/uploads\/2024\/10\/DSC_0154-300x200.jpg 300w, http:\/\/www.swjanzakrzow.archidiecezja.wroc.pl\/wp-content\/uploads\/2024\/10\/DSC_0154-768x512.jpg 768w, http:\/\/www.swjanzakrzow.archidiecezja.wroc.pl\/wp-content\/uploads\/2024\/10\/DSC_0154-1536x1024.jpg 1536w, http:\/\/www.swjanzakrzow.archidiecezja.wroc.pl\/wp-content\/uploads\/2024\/10\/DSC_0154-2048x1365.jpg 2048w, http:\/\/www.swjanzakrzow.archidiecezja.wroc.pl\/wp-content\/uploads\/2024\/10\/DSC_0154-676x451.jpg 676w\" sizes=\"(max-width: 1024px) 100vw, 1024px\" \/><\/figure>\n\n\n\n<figure class=\"wp-block-image size-large\"><img decoding=\"async\" loading=\"lazy\" width=\"1024\" height=\"683\" data-id=\"2288\"  src=\"http:\/\/www.swjanzakrzow.archidiecezja.wroc.pl\/wp-content\/uploads\/2024\/10\/DSC_0143-1024x683.jpg\" alt=\"\" class=\"wp-image-2288\" srcset=\"http:\/\/www.swjanzakrzow.archidiecezja.wroc.pl\/wp-content\/uploads\/2024\/10\/DSC_0143-1024x683.jpg 1024w, http:\/\/www.swjanzakrzow.archidiecezja.wroc.pl\/wp-content\/uploads\/2024\/10\/DSC_0143-300x200.jpg 300w, http:\/\/www.swjanzakrzow.archidiecezja.wroc.pl\/wp-content\/uploads\/2024\/10\/DSC_0143-768x512.jpg 768w, http:\/\/www.swjanzakrzow.archidiecezja.wroc.pl\/wp-content\/uploads\/2024\/10\/DSC_0143-1536x1024.jpg 1536w, http:\/\/www.swjanzakrzow.archidiecezja.wroc.pl\/wp-content\/uploads\/2024\/10\/DSC_0143-2048x1365.jpg 2048w, http:\/\/www.swjanzakrzow.archidiecezja.wroc.pl\/wp-content\/uploads\/2024\/10\/DSC_0143-676x451.jpg 676w\" sizes=\"(max-width: 1024px) 100vw, 1024px\" \/><\/figure>\n\n\n\n<figure class=\"wp-block-image size-large\"><img decoding=\"async\" loading=\"lazy\" width=\"1024\" height=\"683\" data-id=\"2287\"  src=\"http:\/\/www.swjanzakrzow.archidiecezja.wroc.pl\/wp-content\/uploads\/2024\/10\/DSC_0139-1024x683.jpg\" alt=\"\" class=\"wp-image-2287\" srcset=\"http:\/\/www.swjanzakrzow.archidiecezja.wroc.pl\/wp-content\/uploads\/2024\/10\/DSC_0139-1024x683.jpg 1024w, http:\/\/www.swjanzakrzow.archidiecezja.wroc.pl\/wp-content\/uploads\/2024\/10\/DSC_0139-300x200.jpg 300w, http:\/\/www.swjanzakrzow.archidiecezja.wroc.pl\/wp-content\/uploads\/2024\/10\/DSC_0139-768x512.jpg 768w, http:\/\/www.swjanzakrzow.archidiecezja.wroc.pl\/wp-content\/uploads\/2024\/10\/DSC_0139-1536x1024.jpg 1536w, http:\/\/www.swjanzakrzow.archidiecezja.wroc.pl\/wp-content\/uploads\/2024\/10\/DSC_0139-2048x1365.jpg 2048w, http:\/\/www.swjanzakrzow.archidiecezja.wroc.pl\/wp-content\/uploads\/2024\/10\/DSC_0139-676x451.jpg 676w\" sizes=\"(max-width: 1024px) 100vw, 1024px\" \/><\/figure>\n\n\n\n<figure class=\"wp-block-image size-large\"><img decoding=\"async\" loading=\"lazy\" width=\"1024\" height=\"683\" data-id=\"2286\"  src=\"http:\/\/www.swjanzakrzow.archidiecezja.wroc.pl\/wp-content\/uploads\/2024\/10\/DSC_0130-1024x683.jpg\" alt=\"\" class=\"wp-image-2286\" srcset=\"http:\/\/www.swjanzakrzow.archidiecezja.wroc.pl\/wp-content\/uploads\/2024\/10\/DSC_0130-1024x683.jpg 1024w, http:\/\/www.swjanzakrzow.archidiecezja.wroc.pl\/wp-content\/uploads\/2024\/10\/DSC_0130-300x200.jpg 300w, http:\/\/www.swjanzakrzow.archidiecezja.wroc.pl\/wp-content\/uploads\/2024\/10\/DSC_0130-768x512.jpg 768w, http:\/\/www.swjanzakrzow.archidiecezja.wroc.pl\/wp-content\/uploads\/2024\/10\/DSC_0130-1536x1024.jpg 1536w, http:\/\/www.swjanzakrzow.archidiecezja.wroc.pl\/wp-content\/uploads\/2024\/10\/DSC_0130-2048x1365.jpg 2048w, http:\/\/www.swjanzakrzow.archidiecezja.wroc.pl\/wp-content\/uploads\/2024\/10\/DSC_0130-676x451.jpg 676w\" sizes=\"(max-width: 1024px) 100vw, 1024px\" \/><\/figure>\n\n\n\n<figure class=\"wp-block-image size-large\"><img decoding=\"async\" loading=\"lazy\" width=\"1024\" height=\"683\" data-id=\"2281\"  src=\"http:\/\/www.swjanzakrzow.archidiecezja.wroc.pl\/wp-content\/uploads\/2024\/10\/DSC_0136-1024x683.jpg\" alt=\"\" class=\"wp-image-2281\" srcset=\"http:\/\/www.swjanzakrzow.archidiecezja.wroc.pl\/wp-content\/uploads\/2024\/10\/DSC_0136-1024x683.jpg 1024w, http:\/\/www.swjanzakrzow.archidiecezja.wroc.pl\/wp-content\/uploads\/2024\/10\/DSC_0136-300x200.jpg 300w, http:\/\/www.swjanzakrzow.archidiecezja.wroc.pl\/wp-content\/uploads\/2024\/10\/DSC_0136-768x512.jpg 768w, http:\/\/www.swjanzakrzow.archidiecezja.wroc.pl\/wp-content\/uploads\/2024\/10\/DSC_0136-1536x1024.jpg 1536w, http:\/\/www.swjanzakrzow.archidiecezja.wroc.pl\/wp-content\/uploads\/2024\/10\/DSC_0136-2048x1365.jpg 2048w, http:\/\/www.swjanzakrzow.archidiecezja.wroc.pl\/wp-content\/uploads\/2024\/10\/DSC_0136-676x451.jpg 676w\" sizes=\"(max-width: 1024px) 100vw, 1024px\" \/><\/figure>\n\n\n\n<figure class=\"wp-block-image size-large\"><img decoding=\"async\" loading=\"lazy\" width=\"1024\" height=\"683\" data-id=\"2282\"  src=\"http:\/\/www.swjanzakrzow.archidiecezja.wroc.pl\/wp-content\/uploads\/2024\/10\/DSC_0064-1024x683.jpg\" alt=\"\" class=\"wp-image-2282\" srcset=\"http:\/\/www.swjanzakrzow.archidiecezja.wroc.pl\/wp-content\/uploads\/2024\/10\/DSC_0064-1024x683.jpg 1024w, http:\/\/www.swjanzakrzow.archidiecezja.wroc.pl\/wp-content\/uploads\/2024\/10\/DSC_0064-300x200.jpg 300w, http:\/\/www.swjanzakrzow.archidiecezja.wroc.pl\/wp-content\/uploads\/2024\/10\/DSC_0064-768x512.jpg 768w, http:\/\/www.swjanzakrzow.archidiecezja.wroc.pl\/wp-content\/uploads\/2024\/10\/DSC_0064-1536x1024.jpg 1536w, http:\/\/www.swjanzakrzow.archidiecezja.wroc.pl\/wp-content\/uploads\/2024\/10\/DSC_0064-2048x1365.jpg 2048w, http:\/\/www.swjanzakrzow.archidiecezja.wroc.pl\/wp-content\/uploads\/2024\/10\/DSC_0064-676x451.jpg 676w\" sizes=\"(max-width: 1024px) 100vw, 1024px\" \/><\/figure>\n\n\n\n<figure class=\"wp-block-image size-large\"><img decoding=\"async\" loading=\"lazy\" width=\"1024\" height=\"683\" data-id=\"2283\"  src=\"http:\/\/www.swjanzakrzow.archidiecezja.wroc.pl\/wp-content\/uploads\/2024\/10\/DSC_0065-1024x683.jpg\" alt=\"\" class=\"wp-image-2283\" srcset=\"http:\/\/www.swjanzakrzow.archidiecezja.wroc.pl\/wp-content\/uploads\/2024\/10\/DSC_0065-1024x683.jpg 1024w, http:\/\/www.swjanzakrzow.archidiecezja.wroc.pl\/wp-content\/uploads\/2024\/10\/DSC_0065-300x200.jpg 300w, http:\/\/www.swjanzakrzow.archidiecezja.wroc.pl\/wp-content\/uploads\/2024\/10\/DSC_0065-768x512.jpg 768w, http:\/\/www.swjanzakrzow.archidiecezja.wroc.pl\/wp-content\/uploads\/2024\/10\/DSC_0065-1536x1024.jpg 1536w, http:\/\/www.swjanzakrzow.archidiecezja.wroc.pl\/wp-content\/uploads\/2024\/10\/DSC_0065-2048x1365.jpg 2048w, http:\/\/www.swjanzakrzow.archidiecezja.wroc.pl\/wp-content\/uploads\/2024\/10\/DSC_0065-676x451.jpg 676w\" sizes=\"(max-width: 1024px) 100vw, 1024px\" \/><\/figure>\n\n\n\n<figure class=\"wp-block-image size-large\"><img decoding=\"async\" loading=\"lazy\" width=\"1024\" height=\"683\" data-id=\"2284\"  src=\"http:\/\/www.swjanzakrzow.archidiecezja.wroc.pl\/wp-content\/uploads\/2024\/10\/DSC_0095-1024x683.jpg\" alt=\"\" class=\"wp-image-2284\" srcset=\"http:\/\/www.swjanzakrzow.archidiecezja.wroc.pl\/wp-content\/uploads\/2024\/10\/DSC_0095-1024x683.jpg 1024w, http:\/\/www.swjanzakrzow.archidiecezja.wroc.pl\/wp-content\/uploads\/2024\/10\/DSC_0095-300x200.jpg 300w, http:\/\/www.swjanzakrzow.archidiecezja.wroc.pl\/wp-content\/uploads\/2024\/10\/DSC_0095-768x512.jpg 768w, http:\/\/www.swjanzakrzow.archidiecezja.wroc.pl\/wp-content\/uploads\/2024\/10\/DSC_0095-1536x1024.jpg 1536w, http:\/\/www.swjanzakrzow.archidiecezja.wroc.pl\/wp-content\/uploads\/2024\/10\/DSC_0095-2048x1365.jpg 2048w, http:\/\/www.swjanzakrzow.archidiecezja.wroc.pl\/wp-content\/uploads\/2024\/10\/DSC_0095-676x451.jpg 676w\" sizes=\"(max-width: 1024px) 100vw, 1024px\" \/><\/figure>\n\n\n\n<figure class=\"wp-block-image size-large\"><img decoding=\"async\" loading=\"lazy\" width=\"1024\" height=\"683\" data-id=\"2285\"  src=\"http:\/\/www.swjanzakrzow.archidiecezja.wroc.pl\/wp-content\/uploads\/2024\/10\/DSC_0098-1024x683.jpg\" alt=\"\" class=\"wp-image-2285\" srcset=\"http:\/\/www.swjanzakrzow.archidiecezja.wroc.pl\/wp-content\/uploads\/2024\/10\/DSC_0098-1024x683.jpg 1024w, http:\/\/www.swjanzakrzow.archidiecezja.wroc.pl\/wp-content\/uploads\/2024\/10\/DSC_0098-300x200.jpg 300w, http:\/\/www.swjanzakrzow.archidiecezja.wroc.pl\/wp-content\/uploads\/2024\/10\/DSC_0098-768x512.jpg 768w, http:\/\/www.swjanzakrzow.archidiecezja.wroc.pl\/wp-content\/uploads\/2024\/10\/DSC_0098-1536x1024.jpg 1536w, http:\/\/www.swjanzakrzow.archidiecezja.wroc.pl\/wp-content\/uploads\/2024\/10\/DSC_0098-2048x1365.jpg 2048w, http:\/\/www.swjanzakrzow.archidiecezja.wroc.pl\/wp-content\/uploads\/2024\/10\/DSC_0098-676x451.jpg 676w\" sizes=\"(max-width: 1024px) 100vw, 1024px\" \/><\/figure>\n<\/figure>\n","protected":false},"excerpt":{"rendered":"<p>Zbli\u017ca si\u0119 uroczysto\u015b\u0107 Wszystkich \u015awi\u0119tych, dlatego te\u017c w naszej parafii odby\u0142 si\u0119 Marsz \u015awi\u0119tych. Dzieci z naszej parafii przebra\u0142y si\u0119 za swojego ulubionego \u015bwi\u0119tego. Zanim rozpocz\u0119\u0142a si\u0119 Eucharystia o godz. 10:30, ks. proboszcz przywita\u0142 wszystkie dzieci przebrane za \u015bwi\u0119tych i zaznaczy\u0142, \u017ce \u015bwi\u0119ci s\u0105 nam dani po to, aby\u015bmy chcieli ich na\u015bladowa\u0107. Nast\u0119pnie procesyjnie wszyscy [&hellip;]<\/p>\n","protected":false},"author":2,"featured_media":0,"comment_status":"closed","ping_status":"open","sticky":false,"template":"","format":"standard","meta":[],"categories":[1],"tags":[],"_links":{"self":[{"href":"http:\/\/www.swjanzakrzow.archidiecezja.wroc.pl\/index.php?rest_route=\/wp\/v2\/posts\/2280"}],"collection":[{"href":"http:\/\/www.swjanzakrzow.archidiecezja.wroc.pl\/index.php?rest_route=\/wp\/v2\/posts"}],"about":[{"href":"http:\/\/www.swjanzakrzow.archidiecezja.wroc.pl\/index.php?rest_route=\/wp\/v2\/types\/post"}],"author":[{"embeddable":true,"href":"http:\/\/www.swjanzakrzow.archidiecezja.wroc.pl\/index.php?rest_route=\/wp\/v2\/users\/2"}],"replies":[{"embeddable":true,"href":"http:\/\/www.swjanzakrzow.archidiecezja.wroc.pl\/index.php?rest_route=%2Fwp%2Fv2%2Fcomments&post=2280"}],"version-history":[{"count":1,"href":"http:\/\/www.swjanzakrzow.archidiecezja.wroc.pl\/index.php?rest_route=\/wp\/v2\/posts\/2280\/revisions"}],"predecessor-version":[{"id":2291,"href":"http:\/\/www.swjanzakrzow.archidiecezja.wroc.pl\/index.php?rest_route=\/wp\/v2\/posts\/2280\/revisions\/2291"}],"wp:attachment":[{"href":"http:\/\/www.swjanzakrzow.archidiecezja.wroc.pl\/index.php?rest_route=%2Fwp%2Fv2%2Fmedia&parent=2280"}],"wp:term":[{"taxonomy":"category","embeddable":true,"href":"http:\/\/www.swjanzakrzow.archidiecezja.wroc.pl\/index.php?rest_route=%2Fwp%2Fv2%2Fcategories&post=2280"},{"taxonomy":"post_tag","embeddable":true,"href":"http:\/\/www.swjanzakrzow.archidiecezja.wroc.pl\/index.php?rest_route=%2Fwp%2Fv2%2Ftags&post=2280"}],"curies":[{"name":"wp","href":"https:\/\/api.w.org\/{rel}","templated":true}]}}