{"id":2404,"date":"2024-11-22T09:30:26","date_gmt":"2024-11-22T08:30:26","guid":{"rendered":"http:\/\/www.swjanzakrzow.archidiecezja.wroc.pl\/?p=2404"},"modified":"2024-11-22T09:33:59","modified_gmt":"2024-11-22T08:33:59","slug":"22-listopada-sw-cecylii","status":"publish","type":"post","link":"http:\/\/www.swjanzakrzow.archidiecezja.wroc.pl\/?p=2404","title":{"rendered":"22 listopada &#8211; \u015bw. Cecylii"},"content":{"rendered":"\n<p>W pi\u0105tek,22 listopada przypada wspomnienie \u015bw. Cecylii, patronki muzyki sakralnej i \u015bpiewu ko\u015bcielnego. Z okazji \u015bwi\u0119ta patronalnego kierujemy wyrazy wdzi\u0119czno\u015bci pod adresem: p. Micha\u0142a organisty, p. Karoliny, p. Agnieszki, p. Ma\u0142gosi, naszej, scholii dzieci\u0119cej &#8220;Gaudium&#8221; i m\u0142odzie\u017cowej, p. Marty i ch\u00f3rowi parafialnemu &#8220;Vox Apostoli&#8221; , a tak\u017ce wszystkim , kt\u00f3rzy s\u0142u\u017c\u0105 Panu Bogu i naszej parafii, przez \u015bpiew i gr\u0119 na instrumentach. Otaczaj\u0105c ich nasz\u0105 modlitw\u0105, \u017cyczymy wielu \u0142ask Bo\u017cych.<\/p>\n\n\n\n<figure class=\"wp-block-image size-full\"><img decoding=\"async\" loading=\"lazy\" width=\"940\" height=\"788\" src=\"http:\/\/www.swjanzakrzow.archidiecezja.wroc.pl\/wp-content\/uploads\/2024\/11\/22-listopada-1.jpg\" alt=\"\" class=\"wp-image-2408\" srcset=\"http:\/\/www.swjanzakrzow.archidiecezja.wroc.pl\/wp-content\/uploads\/2024\/11\/22-listopada-1.jpg 940w, http:\/\/www.swjanzakrzow.archidiecezja.wroc.pl\/wp-content\/uploads\/2024\/11\/22-listopada-1-300x251.jpg 300w, http:\/\/www.swjanzakrzow.archidiecezja.wroc.pl\/wp-content\/uploads\/2024\/11\/22-listopada-1-768x644.jpg 768w, http:\/\/www.swjanzakrzow.archidiecezja.wroc.pl\/wp-content\/uploads\/2024\/11\/22-listopada-1-676x567.jpg 676w\" sizes=\"(max-width: 940px) 100vw, 940px\" \/><\/figure>\n","protected":false},"excerpt":{"rendered":"<p>W pi\u0105tek,22 listopada przypada wspomnienie \u015bw. Cecylii, patronki muzyki sakralnej i \u015bpiewu ko\u015bcielnego. Z okazji \u015bwi\u0119ta patronalnego kierujemy wyrazy wdzi\u0119czno\u015bci pod adresem: p. Micha\u0142a organisty, p. Karoliny, p. Agnieszki, p. Ma\u0142gosi, naszej, scholii dzieci\u0119cej &#8220;Gaudium&#8221; i m\u0142odzie\u017cowej, p. Marty i ch\u00f3rowi parafialnemu &#8220;Vox Apostoli&#8221; , a tak\u017ce wszystkim , kt\u00f3rzy s\u0142u\u017c\u0105 Panu Bogu i naszej [&hellip;]<\/p>\n","protected":false},"author":2,"featured_media":0,"comment_status":"closed","ping_status":"open","sticky":false,"template":"","format":"standard","meta":[],"categories":[1],"tags":[],"_links":{"self":[{"href":"http:\/\/www.swjanzakrzow.archidiecezja.wroc.pl\/index.php?rest_route=\/wp\/v2\/posts\/2404"}],"collection":[{"href":"http:\/\/www.swjanzakrzow.archidiecezja.wroc.pl\/index.php?rest_route=\/wp\/v2\/posts"}],"about":[{"href":"http:\/\/www.swjanzakrzow.archidiecezja.wroc.pl\/index.php?rest_route=\/wp\/v2\/types\/post"}],"author":[{"embeddable":true,"href":"http:\/\/www.swjanzakrzow.archidiecezja.wroc.pl\/index.php?rest_route=\/wp\/v2\/users\/2"}],"replies":[{"embeddable":true,"href":"http:\/\/www.swjanzakrzow.archidiecezja.wroc.pl\/index.php?rest_route=%2Fwp%2Fv2%2Fcomments&post=2404"}],"version-history":[{"count":2,"href":"http:\/\/www.swjanzakrzow.archidiecezja.wroc.pl\/index.php?rest_route=\/wp\/v2\/posts\/2404\/revisions"}],"predecessor-version":[{"id":2409,"href":"http:\/\/www.swjanzakrzow.archidiecezja.wroc.pl\/index.php?rest_route=\/wp\/v2\/posts\/2404\/revisions\/2409"}],"wp:attachment":[{"href":"http:\/\/www.swjanzakrzow.archidiecezja.wroc.pl\/index.php?rest_route=%2Fwp%2Fv2%2Fmedia&parent=2404"}],"wp:term":[{"taxonomy":"category","embeddable":true,"href":"http:\/\/www.swjanzakrzow.archidiecezja.wroc.pl\/index.php?rest_route=%2Fwp%2Fv2%2Fcategories&post=2404"},{"taxonomy":"post_tag","embeddable":true,"href":"http:\/\/www.swjanzakrzow.archidiecezja.wroc.pl\/index.php?rest_route=%2Fwp%2Fv2%2Ftags&post=2404"}],"curies":[{"name":"wp","href":"https:\/\/api.w.org\/{rel}","templated":true}]}}