{"id":273,"date":"2021-01-02T21:34:14","date_gmt":"2021-01-02T20:34:14","guid":{"rendered":"http:\/\/www.swjanzakrzow.archidiecezja.wroc.pl\/?p=273"},"modified":"2021-01-08T15:00:22","modified_gmt":"2021-01-08T14:00:22","slug":"koleda-2021","status":"publish","type":"post","link":"http:\/\/www.swjanzakrzow.archidiecezja.wroc.pl\/?p=273","title":{"rendered":"KOL\u0118DA 2021"},"content":{"rendered":"<p style=\"text-align: center;\">PONI\u017bEJ ZAMIESZCZAMY HARMONOGRAM KOL\u0118DOWYCH MSZY \u015aWI\u0118TYCH DLA MIESZKA\u0143C\u00d3W NASZEJ PARAFII. ZAPRASZAMY MIESZKA\u0143C\u00d3W POSZCZEG\u00d3LNYCH ULIC NA GODZ. 18.30<\/p>\n<table class=\" aligncenter\" width=\"746\">\n<tbody>\n<tr>\n<td width=\"104\"><strong>DATA<\/strong><\/td>\n<td width=\"132\"><strong>DZIE\u0143<\/strong><\/td>\n<td width=\"510\"><strong>ULICE<\/strong><\/td>\n<\/tr>\n<tr>\n<td width=\"104\"><strong>7.01<\/strong><\/td>\n<td width=\"132\"><strong>czwartek<\/strong><\/td>\n<td width=\"510\"><strong>UL. OKULICKIEGO, UL. NIEPODLEG\u0141O\u015aCI<\/strong><\/td>\n<\/tr>\n<tr>\n<td width=\"104\"><strong>8.01<\/strong><\/td>\n<td width=\"132\"><strong>pi\u0105tek<\/strong><\/td>\n<td width=\"510\"><strong>UL. SIEDZIK\u00d3WNY, UL. ODOLANOWSKA<\/strong><\/td>\n<\/tr>\n<tr>\n<td width=\"104\"><strong>9.01<\/strong><\/td>\n<td width=\"132\"><strong>sobota<\/strong><\/td>\n<td width=\"510\"><strong>UL. ORNA, UL. SKARBU ZAKRZOWSKIEGO,<br \/>\nUL. ARCHEOLOG\u00d3W, UL. ETNOGRAF\u00d3W,<br \/>\nUL. JAGIELLO\u0143SKA<\/strong><\/td>\n<\/tr>\n<tr>\n<td width=\"104\"><strong>11.01<\/strong><\/td>\n<td width=\"132\"><strong>poniedzia\u0142ek<\/strong><\/td>\n<td width=\"510\"><strong>UL. ODRODZENIA POLSKI, UL. \u0141UCZNIK\u00d3W,<br \/>\nUL. KOTWICZNA, UL. OKR\u0118TOWA, UL. MASZTOWA<\/strong><\/td>\n<\/tr>\n<tr>\n<td width=\"104\"><strong>12.01<\/strong><\/td>\n<td width=\"132\"><strong>wtorek<\/strong><\/td>\n<td width=\"510\"><strong>UL. MARYNARSKA, UL. STOCZNIOWA<\/strong><\/td>\n<\/tr>\n<tr>\n<td width=\"104\"><strong>13.01<\/strong><\/td>\n<td width=\"132\"><strong>\u015broda<\/strong><\/td>\n<td width=\"510\"><strong>UL. MOTYK\u00d3WNY, UL. WILCZKOWSKA,<br \/>\nUL. PEDAGOGICZNA, UL. BRATYS\u0141AWSKA<\/strong><\/td>\n<\/tr>\n<tr>\n<td width=\"104\"><strong>14.01<\/strong><\/td>\n<td width=\"132\"><strong>czwartek<\/strong><\/td>\n<td width=\"510\"><strong>UL. LUBLA\u0143SKA, UL. BELGRADZKA, UL. SARAJEWSKA,<br \/>\nUL. SKOPIJSKA, UL. ZAGRZEBSKA, UL. DUBROWNICKA<\/strong><\/td>\n<\/tr>\n<tr>\n<td width=\"104\"><strong>15.01<\/strong><\/td>\n<td width=\"132\"><strong>pi\u0105tek<\/strong><\/td>\n<td width=\"510\"><strong>UL. BORA \u2013 KOMOROWSKIEGO, UL. ZAKRZOWSKA,<br \/>\nUL. IRKUCKA, UL. WALLENRODA, UL. KOPA\u0143SKIEGO<\/strong><\/td>\n<\/tr>\n<tr>\n<td width=\"104\"><strong>16.01<\/strong><\/td>\n<td width=\"132\"><strong>sobota<\/strong><\/td>\n<td width=\"510\"><strong>UL. RYSKA, UL. TALLI\u0143SKA, UL. ODESKA, UL. OMSKA,<br \/>\nUL. BRZUCHOWICKA, UL. CHARKOWSKA,<br \/>\nUL. SEWASTOPOLSKA, UL. WO\u0141GOGRADZKA, UL. KURSKA<\/strong><\/td>\n<\/tr>\n<tr>\n<td width=\"104\"><strong>18.01<\/strong><\/td>\n<td width=\"132\"><strong>poniedzia\u0142ek<\/strong><\/td>\n<td width=\"510\"><strong>UL. KASZTELA\u0143SKA<\/strong><\/td>\n<\/tr>\n<tr>\n<td width=\"104\"><strong>19.01<\/strong><\/td>\n<td width=\"132\"><strong>wtorek<\/strong><\/td>\n<td width=\"510\"><strong>UL. WILANOWSKA<\/strong><\/td>\n<\/tr>\n<tr>\n<td width=\"104\"><strong>20.01<\/strong><\/td>\n<td width=\"132\"><strong>\u015broda<\/strong><\/td>\n<td width=\"510\"><strong>UL. KR\u00d3LEWSKA<\/strong><\/td>\n<\/tr>\n<tr>\n<td width=\"104\"><strong>21.01<\/strong><\/td>\n<td width=\"132\"><strong>czwartek<\/strong><\/td>\n<td width=\"510\"><strong>UL. KR\u00d3LOWEJ MARYSIE\u0143KI, UL. HETMA\u0143SKA<\/strong><\/td>\n<\/tr>\n<tr>\n<td width=\"104\"><strong>22.01<\/strong><\/td>\n<td width=\"132\"><strong>pi\u0105tek<\/strong><\/td>\n<td width=\"510\"><strong>UL. CHOCIMSKA, UL. WIEDE\u0143SKA, UL. STAROPOLSKA<\/strong><\/td>\n<\/tr>\n<tr>\n<td width=\"104\"><strong>23.01<\/strong><\/td>\n<td width=\"132\"><strong>Sobota<\/strong><\/td>\n<td width=\"510\"><strong>UL. ZATORSKA<\/strong><\/td>\n<\/tr>\n<tr>\n<td width=\"104\"><strong>25.01<\/strong><\/td>\n<td width=\"132\"><strong>poniedzia\u0142ek<\/strong><\/td>\n<td width=\"510\"><strong>UL. OLESKA, UL. PARYSKA, UL. LIO\u0143SKA,<br \/>\nUL. KSI\u0118\u017bYCOWA<\/strong><\/td>\n<\/tr>\n<\/tbody>\n<\/table>\n","protected":false},"excerpt":{"rendered":"<p>PONI\u017bEJ ZAMIESZCZAMY HARMONOGRAM KOL\u0118DOWYCH MSZY \u015aWI\u0118TYCH DLA MIESZKA\u0143C\u00d3W NASZEJ PARAFII. ZAPRASZAMY MIESZKA\u0143C\u00d3W POSZCZEG\u00d3LNYCH ULIC NA GODZ. 18.30 DATA DZIE\u0143 ULICE 7.01 czwartek UL. OKULICKIEGO, UL. NIEPODLEG\u0141O\u015aCI 8.01 pi\u0105tek UL. SIEDZIK\u00d3WNY, UL. ODOLANOWSKA 9.01 sobota UL. ORNA, UL. SKARBU ZAKRZOWSKIEGO, UL. ARCHEOLOG\u00d3W, UL. ETNOGRAF\u00d3W, UL. JAGIELLO\u0143SKA 11.01 poniedzia\u0142ek UL. ODRODZENIA POLSKI, UL. \u0141UCZNIK\u00d3W, UL. KOTWICZNA, UL. [&hellip;]<\/p>\n","protected":false},"author":2,"featured_media":274,"comment_status":"closed","ping_status":"open","sticky":false,"template":"","format":"standard","meta":[],"categories":[1],"tags":[],"_links":{"self":[{"href":"http:\/\/www.swjanzakrzow.archidiecezja.wroc.pl\/index.php?rest_route=\/wp\/v2\/posts\/273"}],"collection":[{"href":"http:\/\/www.swjanzakrzow.archidiecezja.wroc.pl\/index.php?rest_route=\/wp\/v2\/posts"}],"about":[{"href":"http:\/\/www.swjanzakrzow.archidiecezja.wroc.pl\/index.php?rest_route=\/wp\/v2\/types\/post"}],"author":[{"embeddable":true,"href":"http:\/\/www.swjanzakrzow.archidiecezja.wroc.pl\/index.php?rest_route=\/wp\/v2\/users\/2"}],"replies":[{"embeddable":true,"href":"http:\/\/www.swjanzakrzow.archidiecezja.wroc.pl\/index.php?rest_route=%2Fwp%2Fv2%2Fcomments&post=273"}],"version-history":[{"count":2,"href":"http:\/\/www.swjanzakrzow.archidiecezja.wroc.pl\/index.php?rest_route=\/wp\/v2\/posts\/273\/revisions"}],"predecessor-version":[{"id":278,"href":"http:\/\/www.swjanzakrzow.archidiecezja.wroc.pl\/index.php?rest_route=\/wp\/v2\/posts\/273\/revisions\/278"}],"wp:featuredmedia":[{"embeddable":true,"href":"http:\/\/www.swjanzakrzow.archidiecezja.wroc.pl\/index.php?rest_route=\/wp\/v2\/media\/274"}],"wp:attachment":[{"href":"http:\/\/www.swjanzakrzow.archidiecezja.wroc.pl\/index.php?rest_route=%2Fwp%2Fv2%2Fmedia&parent=273"}],"wp:term":[{"taxonomy":"category","embeddable":true,"href":"http:\/\/www.swjanzakrzow.archidiecezja.wroc.pl\/index.php?rest_route=%2Fwp%2Fv2%2Fcategories&post=273"},{"taxonomy":"post_tag","embeddable":true,"href":"http:\/\/www.swjanzakrzow.archidiecezja.wroc.pl\/index.php?rest_route=%2Fwp%2Fv2%2Ftags&post=273"}],"curies":[{"name":"wp","href":"https:\/\/api.w.org\/{rel}","templated":true}]}}