{"id":3484,"date":"2026-09-01T16:59:00","date_gmt":"2026-09-01T14:59:00","guid":{"rendered":"http:\/\/www.swjanzakrzow.archidiecezja.wroc.pl\/?p=3484"},"modified":"2026-09-01T16:59:00","modified_gmt":"2026-09-01T14:59:00","slug":"schola-mlodziezowa","status":"publish","type":"post","link":"http:\/\/www.swjanzakrzow.archidiecezja.wroc.pl\/?p=3484","title":{"rendered":"Schola M\u0142odzie\u017cowa"},"content":{"rendered":"\n<p>Wakacje dobiegaj\u0105 ko\u0144ca, wi\u0119c najwy\u017cszy czas zn\u00f3w spotka\u0107 si\u0119 na wsp\u00f3lnym \u015bpiewaniu i muzykowaniu!<\/p>\n\n\n\n<p>Po wakacyjnej przerwie wznawiamy pr\u00f3by naszej scholi m\u0142odzie\u017cowej \u2013 <a href=\"https:\/\/www.facebook.com\/profile.php?id=61581477417324&amp;__cft__[0]=AZhd_rXOpm1HzvkkzXKcdrP70zaVeLv7VbO7JyaZe8DU5TrK2fxcluovBNkeV9XhrfKyoF97Cbno_-7MWL_hVPTnAgcGxgDosgyQ0dHZ_H95uRxw7KZf2FcLHuR48pzEyFTi6TwSHCk&amp;__tn__=-]K-R\">Gaudium Laudis<\/a>!<\/p>\n\n\n\n<p>Je\u015bli \u015bpiewasz, grasz na instrumencie, dopiero zaczynasz albo po prostu masz ochot\u0119 spr\u00f3bowa\u0107 czego\u015b nowego \u2013 zapraszamy! Nie musisz mie\u0107 idealnego s\u0142uchu ani wielkiego do\u015bwiadczenia. Najwa\u017cniejsze s\u0105 ch\u0119ci, pasja i dobra atmosfera.<\/p>\n\n\n\n<figure class=\"wp-block-image size-large\"><img decoding=\"async\" loading=\"lazy\" width=\"723\" height=\"1024\" src=\"http:\/\/www.swjanzakrzow.archidiecezja.wroc.pl\/wp-content\/uploads\/2026\/09\/image-1108403704949557-723x1024.png\" alt=\"\" class=\"wp-image-3485\" srcset=\"http:\/\/www.swjanzakrzow.archidiecezja.wroc.pl\/wp-content\/uploads\/2026\/09\/image-1108403704949557-723x1024.png 723w, http:\/\/www.swjanzakrzow.archidiecezja.wroc.pl\/wp-content\/uploads\/2026\/09\/image-1108403704949557-212x300.png 212w, http:\/\/www.swjanzakrzow.archidiecezja.wroc.pl\/wp-content\/uploads\/2026\/09\/image-1108403704949557-768x1087.png 768w, http:\/\/www.swjanzakrzow.archidiecezja.wroc.pl\/wp-content\/uploads\/2026\/09\/image-1108403704949557-676x957.png 676w, http:\/\/www.swjanzakrzow.archidiecezja.wroc.pl\/wp-content\/uploads\/2026\/09\/image-1108403704949557.png 1054w\" sizes=\"(max-width: 723px) 100vw, 723px\" \/><\/figure>\n\n\n\n<p>Wy\u015bwietl mniej<\/p>\n","protected":false},"excerpt":{"rendered":"<p>Wakacje dobiegaj\u0105 ko\u0144ca, wi\u0119c najwy\u017cszy czas zn\u00f3w spotka\u0107 si\u0119 na wsp\u00f3lnym \u015bpiewaniu i muzykowaniu! Po wakacyjnej przerwie wznawiamy pr\u00f3by naszej scholi m\u0142odzie\u017cowej \u2013 Gaudium Laudis! Je\u015bli \u015bpiewasz, grasz na instrumencie, dopiero zaczynasz albo po prostu masz ochot\u0119 spr\u00f3bowa\u0107 czego\u015b nowego \u2013 zapraszamy! Nie musisz mie\u0107 idealnego s\u0142uchu ani wielkiego do\u015bwiadczenia. Najwa\u017cniejsze s\u0105 ch\u0119ci, pasja i [&hellip;]<\/p>\n","protected":false},"author":2,"featured_media":0,"comment_status":"closed","ping_status":"open","sticky":false,"template":"","format":"standard","meta":[],"categories":[1],"tags":[],"_links":{"self":[{"href":"http:\/\/www.swjanzakrzow.archidiecezja.wroc.pl\/index.php?rest_route=\/wp\/v2\/posts\/3484"}],"collection":[{"href":"http:\/\/www.swjanzakrzow.archidiecezja.wroc.pl\/index.php?rest_route=\/wp\/v2\/posts"}],"about":[{"href":"http:\/\/www.swjanzakrzow.archidiecezja.wroc.pl\/index.php?rest_route=\/wp\/v2\/types\/post"}],"author":[{"embeddable":true,"href":"http:\/\/www.swjanzakrzow.archidiecezja.wroc.pl\/index.php?rest_route=\/wp\/v2\/users\/2"}],"replies":[{"embeddable":true,"href":"http:\/\/www.swjanzakrzow.archidiecezja.wroc.pl\/index.php?rest_route=%2Fwp%2Fv2%2Fcomments&post=3484"}],"version-history":[{"count":1,"href":"http:\/\/www.swjanzakrzow.archidiecezja.wroc.pl\/index.php?rest_route=\/wp\/v2\/posts\/3484\/revisions"}],"predecessor-version":[{"id":3486,"href":"http:\/\/www.swjanzakrzow.archidiecezja.wroc.pl\/index.php?rest_route=\/wp\/v2\/posts\/3484\/revisions\/3486"}],"wp:attachment":[{"href":"http:\/\/www.swjanzakrzow.archidiecezja.wroc.pl\/index.php?rest_route=%2Fwp%2Fv2%2Fmedia&parent=3484"}],"wp:term":[{"taxonomy":"category","embeddable":true,"href":"http:\/\/www.swjanzakrzow.archidiecezja.wroc.pl\/index.php?rest_route=%2Fwp%2Fv2%2Fcategories&post=3484"},{"taxonomy":"post_tag","embeddable":true,"href":"http:\/\/www.swjanzakrzow.archidiecezja.wroc.pl\/index.php?rest_route=%2Fwp%2Fv2%2Ftags&post=3484"}],"curies":[{"name":"wp","href":"https:\/\/api.w.org\/{rel}","templated":true}]}}